{"id":3074,"date":"2014-04-09T14:34:22","date_gmt":"2014-04-09T12:34:22","guid":{"rendered":"http:\/\/www.amaplaneteblanquefort.fr\/wordpress\/?p=3074"},"modified":"2014-04-09T14:42:36","modified_gmt":"2014-04-09T12:42:36","slug":"du-nouveau-chez-les-bergers%e2%80%8f","status":"publish","type":"post","link":"http:\/\/www.amaplaneteblanquefort.fr\/wordpress\/2014\/04\/09\/du-nouveau-chez-les-bergers%e2%80%8f\/","title":{"rendered":"Du nouveau chez les bergers!\u200f"},"content":{"rendered":"<div><a href=\"http:\/\/www.amaplaneteblanquefort.fr\/wordpress\/wp-content\/uploads\/2012\/11\/laine.jpg\"><img loading=\"lazy\" decoding=\"async\" class=\"aligncenter size-medium wp-image-641\" alt=\"laine: le travail de Dominique Sancier\" src=\"http:\/\/www.amaplaneteblanquefort.fr\/wordpress\/wp-content\/uploads\/2012\/11\/laine-300x225.jpg\" width=\"300\" height=\"225\" srcset=\"http:\/\/www.amaplaneteblanquefort.fr\/wordpress\/wp-content\/uploads\/2012\/11\/laine-300x225.jpg 300w, http:\/\/www.amaplaneteblanquefort.fr\/wordpress\/wp-content\/uploads\/2012\/11\/laine.jpg 432w\" sizes=\"auto, (max-width: 300px) 100vw, 300px\" \/><\/a>SAMEDI\u00a012 AVRIL La berg\u00e8re sera toute la journ\u00e9e au magasin JARDILAND de Villenave d&rsquo;Ornon afin de pr\u00e9senter sa \u00ab\u00a0derni\u00e8re id\u00e9e\u00a0\u00bb&#8230;<\/div>\n<div><\/div>\n<div>La berg\u00e8re cr\u00e9e un atelier laine \u00e0 la ferme. Vous retrouverez ses premiers produits ce samedi \u00e0 JARDILAND. Elle animera un atelier afin de pr\u00e9senter\u00a0 les disques de paillage en feutre 100% laine des brebis de la ferme du Paillot.<\/div>\n<div><\/div>\n<div>Vous vous demandez ce que sont les disques de paillage&#8230;Alors RDV Samedi \u00e0 partir de 10h00<\/div>\n<div><\/div>\n<div>Bonne journ\u00e9e \u00e0 Tous<\/div>\n<div><\/div>\n<div>Vos bergers<\/div>\n","protected":false},"excerpt":{"rendered":"<p>SAMEDI\u00a012 AVRIL La berg\u00e8re sera toute la journ\u00e9e au magasin JARDILAND de Villenave d&rsquo;Ornon afin de pr\u00e9senter sa \u00ab\u00a0derni\u00e8re id\u00e9e\u00a0\u00bb&#8230; La berg\u00e8re cr\u00e9e un atelier laine \u00e0 la ferme. Vous retrouverez ses premiers produits ce samedi \u00e0 JARDILAND. Elle animera un atelier afin de pr\u00e9senter\u00a0 les disques de paillage en feutre 100% laine des brebis &hellip; <a href=\"http:\/\/www.amaplaneteblanquefort.fr\/wordpress\/2014\/04\/09\/du-nouveau-chez-les-bergers%e2%80%8f\/\" class=\"more-link\">Continuer la lecture de <span class=\"screen-reader-text\">Du nouveau chez les bergers!\u200f<\/span> <span class=\"meta-nav\">&rarr;<\/span><\/a><\/p>\n","protected":false},"author":17,"featured_media":0,"comment_status":"open","ping_status":"open","sticky":false,"template":"","format":"standard","meta":{"footnotes":""},"categories":[8],"tags":[],"class_list":["post-3074","post","type-post","status-publish","format-standard","hentry","category-04-agneau"],"_links":{"self":[{"href":"http:\/\/www.amaplaneteblanquefort.fr\/wordpress\/wp-json\/wp\/v2\/posts\/3074","targetHints":{"allow":["GET"]}}],"collection":[{"href":"http:\/\/www.amaplaneteblanquefort.fr\/wordpress\/wp-json\/wp\/v2\/posts"}],"about":[{"href":"http:\/\/www.amaplaneteblanquefort.fr\/wordpress\/wp-json\/wp\/v2\/types\/post"}],"author":[{"embeddable":true,"href":"http:\/\/www.amaplaneteblanquefort.fr\/wordpress\/wp-json\/wp\/v2\/users\/17"}],"replies":[{"embeddable":true,"href":"http:\/\/www.amaplaneteblanquefort.fr\/wordpress\/wp-json\/wp\/v2\/comments?post=3074"}],"version-history":[{"count":3,"href":"http:\/\/www.amaplaneteblanquefort.fr\/wordpress\/wp-json\/wp\/v2\/posts\/3074\/revisions"}],"predecessor-version":[{"id":3077,"href":"http:\/\/www.amaplaneteblanquefort.fr\/wordpress\/wp-json\/wp\/v2\/posts\/3074\/revisions\/3077"}],"wp:attachment":[{"href":"http:\/\/www.amaplaneteblanquefort.fr\/wordpress\/wp-json\/wp\/v2\/media?parent=3074"}],"wp:term":[{"taxonomy":"category","embeddable":true,"href":"http:\/\/www.amaplaneteblanquefort.fr\/wordpress\/wp-json\/wp\/v2\/categories?post=3074"},{"taxonomy":"post_tag","embeddable":true,"href":"http:\/\/www.amaplaneteblanquefort.fr\/wordpress\/wp-json\/wp\/v2\/tags?post=3074"}],"curies":[{"name":"wp","href":"https:\/\/api.w.org\/{rel}","templated":true}]}}