{"id":3013,"date":"2014-03-25T13:53:20","date_gmt":"2014-03-25T12:53:20","guid":{"rendered":"http:\/\/www.amaplaneteblanquefort.fr\/wordpress\/?p=3013"},"modified":"2014-03-25T19:20:35","modified_gmt":"2014-03-25T18:20:35","slug":"journee-chez-les-bergers-le-6-avril","status":"publish","type":"post","link":"http:\/\/www.amaplaneteblanquefort.fr\/wordpress\/2014\/03\/25\/journee-chez-les-bergers-le-6-avril\/","title":{"rendered":"journ\u00e9e chez les bergers le 6 avril"},"content":{"rendered":"<p>Nos bergers de la ferme du Paillot organisent une joun\u00e9e de d\u00e9couverte de leur ferme le 6 avril ; vous trouverez tous les d\u00e9tails\u00a0 dans le lien ci apr\u00e9s :<a href=\"http:\/\/www.amaplaneteblanquefort.fr\/wordpress\/wp-content\/uploads\/2014\/03\/journ\u00e9e-bergers...doc\">journ\u00e9e bergers..<\/a><\/p>\n<p><strong>attention date limite d&rsquo;inscription le 1er avril <\/strong><\/p>\n","protected":false},"excerpt":{"rendered":"<p>Nos bergers de la ferme du Paillot organisent une joun\u00e9e de d\u00e9couverte de leur ferme le 6 avril ; vous trouverez tous les d\u00e9tails\u00a0 dans le lien ci apr\u00e9s :journ\u00e9e bergers.. attention date limite d&rsquo;inscription le 1er avril<\/p>\n","protected":false},"author":17,"featured_media":0,"comment_status":"open","ping_status":"open","sticky":false,"template":"","format":"standard","meta":{"footnotes":""},"categories":[8],"tags":[],"class_list":["post-3013","post","type-post","status-publish","format-standard","hentry","category-04-agneau"],"_links":{"self":[{"href":"http:\/\/www.amaplaneteblanquefort.fr\/wordpress\/wp-json\/wp\/v2\/posts\/3013","targetHints":{"allow":["GET"]}}],"collection":[{"href":"http:\/\/www.amaplaneteblanquefort.fr\/wordpress\/wp-json\/wp\/v2\/posts"}],"about":[{"href":"http:\/\/www.amaplaneteblanquefort.fr\/wordpress\/wp-json\/wp\/v2\/types\/post"}],"author":[{"embeddable":true,"href":"http:\/\/www.amaplaneteblanquefort.fr\/wordpress\/wp-json\/wp\/v2\/users\/17"}],"replies":[{"embeddable":true,"href":"http:\/\/www.amaplaneteblanquefort.fr\/wordpress\/wp-json\/wp\/v2\/comments?post=3013"}],"version-history":[{"count":4,"href":"http:\/\/www.amaplaneteblanquefort.fr\/wordpress\/wp-json\/wp\/v2\/posts\/3013\/revisions"}],"predecessor-version":[{"id":3017,"href":"http:\/\/www.amaplaneteblanquefort.fr\/wordpress\/wp-json\/wp\/v2\/posts\/3013\/revisions\/3017"}],"wp:attachment":[{"href":"http:\/\/www.amaplaneteblanquefort.fr\/wordpress\/wp-json\/wp\/v2\/media?parent=3013"}],"wp:term":[{"taxonomy":"category","embeddable":true,"href":"http:\/\/www.amaplaneteblanquefort.fr\/wordpress\/wp-json\/wp\/v2\/categories?post=3013"},{"taxonomy":"post_tag","embeddable":true,"href":"http:\/\/www.amaplaneteblanquefort.fr\/wordpress\/wp-json\/wp\/v2\/tags?post=3013"}],"curies":[{"name":"wp","href":"https:\/\/api.w.org\/{rel}","templated":true}]}}