{"id":2889,"date":"2014-02-12T23:55:21","date_gmt":"2014-02-12T22:55:21","guid":{"rendered":"http:\/\/www.amaplaneteblanquefort.fr\/wordpress\/?p=2889"},"modified":"2014-02-13T00:06:29","modified_gmt":"2014-02-12T23:06:29","slug":"livraison-du-miel-jeudi-13-fevrier","status":"publish","type":"post","link":"http:\/\/www.amaplaneteblanquefort.fr\/wordpress\/2014\/02\/12\/livraison-du-miel-jeudi-13-fevrier\/","title":{"rendered":"Livraison du miel jeudi 13 f\u00e9vrier"},"content":{"rendered":"<p><span style=\"color: #ff6600;\">N&rsquo;oubliez pas de venir chercher votre miel entre 18h45 et 19h45.<\/span><\/p>\n<p><span style=\"color: #993300;\">Si vous avez laiss\u00e9 passer les dates de prise de contrats, vous aurez encore la possibilit\u00e9 d&rsquo;en souscrire un\u00a0 pour les 2 livraisons suivantes.<\/span><\/p>\n<p><span style=\"color: #ff6600;\">Toutefois, pour vous, , il ne sera pas possible d&rsquo;avoir du miel d&rsquo;acacia, en avril, la production \u00e9tant insuffisante \u00e0 cause de la mauvaise m\u00e9t\u00e9o.Un peu de miel de for\u00eat peut \u00eatre propos\u00e9 par l&rsquo;apicultrice et en juin, uniquement du miel toutes fleurs.<\/span><\/p>\n<p><a href=\"http:\/\/www.amaplaneteblanquefort.fr\/wordpress\/wp-content\/uploads\/2013\/04\/P1220984.jpg\"><img loading=\"lazy\" decoding=\"async\" class=\"alignleft  wp-image-1914\" alt=\"P1220984\" src=\"http:\/\/www.amaplaneteblanquefort.fr\/wordpress\/wp-content\/uploads\/2013\/04\/P1220984-300x199.jpg\" width=\"300\" height=\"199\" srcset=\"http:\/\/www.amaplaneteblanquefort.fr\/wordpress\/wp-content\/uploads\/2013\/04\/P1220984-300x199.jpg 300w, http:\/\/www.amaplaneteblanquefort.fr\/wordpress\/wp-content\/uploads\/2013\/04\/P1220984.jpg 800w\" sizes=\"auto, (max-width: 300px) 100vw, 300px\" \/><\/a><\/p>\n<p><a href=\"http:\/\/www.amaplaneteblanquefort.fr\/wordpress\/wp-content\/uploads\/2014\/01\/MIEL-contrat-2014-1e-semestre.pdf\">\u00a0\u00a0\u00a0\u00a0\u00a0\u00a0 MIEL contrat 2014 1e semestre<\/a><\/p>\n<p>&nbsp;<\/p>\n<p>&nbsp;<\/p>\n<p>&nbsp;<\/p>\n<p>Sabine et Jo\u00eblle, vos coordinatrices, Fran\u00e7oise Purrey, apicultrice<\/p>\n","protected":false},"excerpt":{"rendered":"<p>N&rsquo;oubliez pas de venir chercher votre miel entre 18h45 et 19h45. Si vous avez laiss\u00e9 passer les dates de prise de contrats, vous aurez encore la possibilit\u00e9 d&rsquo;en souscrire un\u00a0 pour les 2 livraisons suivantes. Toutefois, pour vous, , il ne sera pas possible d&rsquo;avoir du miel d&rsquo;acacia, en avril, la production \u00e9tant insuffisante \u00e0 &hellip; <a href=\"http:\/\/www.amaplaneteblanquefort.fr\/wordpress\/2014\/02\/12\/livraison-du-miel-jeudi-13-fevrier\/\" class=\"more-link\">Continuer la lecture de <span class=\"screen-reader-text\">Livraison du miel jeudi 13 f\u00e9vrier<\/span> <span class=\"meta-nav\">&rarr;<\/span><\/a><\/p>\n","protected":false},"author":1,"featured_media":0,"comment_status":"open","ping_status":"open","sticky":false,"template":"","format":"standard","meta":{"footnotes":""},"categories":[24],"tags":[],"class_list":["post-2889","post","type-post","status-publish","format-standard","hentry","category-12-miel"],"_links":{"self":[{"href":"http:\/\/www.amaplaneteblanquefort.fr\/wordpress\/wp-json\/wp\/v2\/posts\/2889","targetHints":{"allow":["GET"]}}],"collection":[{"href":"http:\/\/www.amaplaneteblanquefort.fr\/wordpress\/wp-json\/wp\/v2\/posts"}],"about":[{"href":"http:\/\/www.amaplaneteblanquefort.fr\/wordpress\/wp-json\/wp\/v2\/types\/post"}],"author":[{"embeddable":true,"href":"http:\/\/www.amaplaneteblanquefort.fr\/wordpress\/wp-json\/wp\/v2\/users\/1"}],"replies":[{"embeddable":true,"href":"http:\/\/www.amaplaneteblanquefort.fr\/wordpress\/wp-json\/wp\/v2\/comments?post=2889"}],"version-history":[{"count":7,"href":"http:\/\/www.amaplaneteblanquefort.fr\/wordpress\/wp-json\/wp\/v2\/posts\/2889\/revisions"}],"predecessor-version":[{"id":2893,"href":"http:\/\/www.amaplaneteblanquefort.fr\/wordpress\/wp-json\/wp\/v2\/posts\/2889\/revisions\/2893"}],"wp:attachment":[{"href":"http:\/\/www.amaplaneteblanquefort.fr\/wordpress\/wp-json\/wp\/v2\/media?parent=2889"}],"wp:term":[{"taxonomy":"category","embeddable":true,"href":"http:\/\/www.amaplaneteblanquefort.fr\/wordpress\/wp-json\/wp\/v2\/categories?post=2889"},{"taxonomy":"post_tag","embeddable":true,"href":"http:\/\/www.amaplaneteblanquefort.fr\/wordpress\/wp-json\/wp\/v2\/tags?post=2889"}],"curies":[{"name":"wp","href":"https:\/\/api.w.org\/{rel}","templated":true}]}}