{"id":2861,"date":"2014-02-03T17:59:07","date_gmt":"2014-02-03T16:59:07","guid":{"rendered":"http:\/\/www.amaplaneteblanquefort.fr\/wordpress\/?p=2861"},"modified":"2014-03-09T20:49:01","modified_gmt":"2014-03-09T19:49:01","slug":"le-nouveau-contrat-plantes-aromatiques-est-arrive","status":"publish","type":"post","link":"http:\/\/www.amaplaneteblanquefort.fr\/wordpress\/2014\/02\/03\/le-nouveau-contrat-plantes-aromatiques-est-arrive\/","title":{"rendered":"Le nouveau contrat PLANTES AROMATIQUES est arriv\u00e9 !"},"content":{"rendered":"<p>Bonjour,<\/p>\n<p style=\"text-align: justify;\">Vous trouverez ci-apr\u00e8s les 2 documents \u00e0 t\u00e9l\u00e9charger pour signer votre nouveau contrat Plantes Aromatiques. Beno\u00eet DIMA vous propose des infusions simples et compos\u00e9es, des aromates simples et compos\u00e9es et des vinaigres culinaires, qui feront l&rsquo;objet de<span style=\"color: #888888;\"><strong> 2 livraisons, le 13 mars et le 15 mai.<\/strong><\/span><\/p>\n<p style=\"text-align: justify;\">Tous les vinaigres sont r\u00e9alis\u00e9s \u00e0 partir d&rsquo;une infusion \u00e0 froid de plantes aromatiques. Sachez que notre producteur se procure le vinaigre blanc chez ses voisins viticulteurs qui produisent en agriculture biologique, sur le terroir de l&rsquo;appellation Graves.<\/p>\n<p style=\"text-align: justify;\">Contrat premi\u00e8re page mars \/ mai 2014\u00a0 <a href=\"http:\/\/www.amaplaneteblanquefort.fr\/wordpress\/wp-content\/uploads\/2014\/02\/AROMATESetTISANEScde-p1de2014.pdf\">AROMATESetTISANEScde p1de2014<\/a><\/p>\n<p style=\"text-align: justify;\">Produits propos\u00e9s pour ce premier semestre\u00a0 <a href=\"http:\/\/www.amaplaneteblanquefort.fr\/wordpress\/wp-content\/uploads\/2014\/02\/Tableau-commande-Amapiens-contrat-mars-2014.pdf\">Tableau commande Amapiens contrat mars 2014<\/a><\/p>\n<p><strong>La prise de contrat se fera le jeudi 6 f\u00e9vrier<\/strong>. Ne l&rsquo;oubliez pas !<\/p>\n<p>Vos coordinatrices<\/p>\n<p>Catherine FERRON et Dominique BRET<\/p>\n<p align=\"LEFT\"><span style=\"font-family: Verdana,Arial,Helvetica,sans-serif;\"><span style=\"font-size: small;\">\u00a0<\/span><\/span><\/p>\n<p>&nbsp;<\/p>\n","protected":false},"excerpt":{"rendered":"<p>Bonjour, Vous trouverez ci-apr\u00e8s les 2 documents \u00e0 t\u00e9l\u00e9charger pour signer votre nouveau contrat Plantes Aromatiques. Beno\u00eet DIMA vous propose des infusions simples et compos\u00e9es, des aromates simples et compos\u00e9es et des vinaigres culinaires, qui feront l&rsquo;objet de 2 livraisons, le 13 mars et le 15 mai. Tous les vinaigres sont r\u00e9alis\u00e9s \u00e0 partir d&rsquo;une &hellip; <a href=\"http:\/\/www.amaplaneteblanquefort.fr\/wordpress\/2014\/02\/03\/le-nouveau-contrat-plantes-aromatiques-est-arrive\/\" class=\"more-link\">Continuer la lecture de <span class=\"screen-reader-text\">Le nouveau contrat PLANTES AROMATIQUES est arriv\u00e9 !<\/span> <span class=\"meta-nav\">&rarr;<\/span><\/a><\/p>\n","protected":false},"author":1,"featured_media":0,"comment_status":"open","ping_status":"open","sticky":false,"template":"","format":"standard","meta":{"footnotes":""},"categories":[26],"tags":[],"class_list":["post-2861","post","type-post","status-publish","format-standard","hentry","category-14-plantes-aromatiques"],"_links":{"self":[{"href":"http:\/\/www.amaplaneteblanquefort.fr\/wordpress\/wp-json\/wp\/v2\/posts\/2861","targetHints":{"allow":["GET"]}}],"collection":[{"href":"http:\/\/www.amaplaneteblanquefort.fr\/wordpress\/wp-json\/wp\/v2\/posts"}],"about":[{"href":"http:\/\/www.amaplaneteblanquefort.fr\/wordpress\/wp-json\/wp\/v2\/types\/post"}],"author":[{"embeddable":true,"href":"http:\/\/www.amaplaneteblanquefort.fr\/wordpress\/wp-json\/wp\/v2\/users\/1"}],"replies":[{"embeddable":true,"href":"http:\/\/www.amaplaneteblanquefort.fr\/wordpress\/wp-json\/wp\/v2\/comments?post=2861"}],"version-history":[{"count":2,"href":"http:\/\/www.amaplaneteblanquefort.fr\/wordpress\/wp-json\/wp\/v2\/posts\/2861\/revisions"}],"predecessor-version":[{"id":2945,"href":"http:\/\/www.amaplaneteblanquefort.fr\/wordpress\/wp-json\/wp\/v2\/posts\/2861\/revisions\/2945"}],"wp:attachment":[{"href":"http:\/\/www.amaplaneteblanquefort.fr\/wordpress\/wp-json\/wp\/v2\/media?parent=2861"}],"wp:term":[{"taxonomy":"category","embeddable":true,"href":"http:\/\/www.amaplaneteblanquefort.fr\/wordpress\/wp-json\/wp\/v2\/categories?post=2861"},{"taxonomy":"post_tag","embeddable":true,"href":"http:\/\/www.amaplaneteblanquefort.fr\/wordpress\/wp-json\/wp\/v2\/tags?post=2861"}],"curies":[{"name":"wp","href":"https:\/\/api.w.org\/{rel}","templated":true}]}}