{"id":2844,"date":"2014-01-27T23:28:20","date_gmt":"2014-01-27T22:28:20","guid":{"rendered":"http:\/\/www.amaplaneteblanquefort.fr\/wordpress\/?p=2844"},"modified":"2014-01-27T23:35:27","modified_gmt":"2014-01-27T22:35:27","slug":"le-contrat-miel-du-1er-semestre-2014","status":"publish","type":"post","link":"http:\/\/www.amaplaneteblanquefort.fr\/wordpress\/2014\/01\/27\/le-contrat-miel-du-1er-semestre-2014\/","title":{"rendered":"Le contrat miel du 1er semestre 2014"},"content":{"rendered":"<p><a href=\"http:\/\/www.amaplaneteblanquefort.fr\/wordpress\/wp-content\/uploads\/2012\/11\/Miel-4.jpg\"><img loading=\"lazy\" decoding=\"async\" class=\"alignleft size-medium wp-image-354\" alt=\"Miel (4)\" src=\"http:\/\/www.amaplaneteblanquefort.fr\/wordpress\/wp-content\/uploads\/2012\/11\/Miel-4-300x225.jpg\" width=\"300\" height=\"225\" srcset=\"http:\/\/www.amaplaneteblanquefort.fr\/wordpress\/wp-content\/uploads\/2012\/11\/Miel-4-300x225.jpg 300w, http:\/\/www.amaplaneteblanquefort.fr\/wordpress\/wp-content\/uploads\/2012\/11\/Miel-4-1024x768.jpg 1024w\" sizes=\"auto, (max-width: 300px) 100vw, 300px\" \/><\/a><\/p>\n<p><strong>\u00a0 Un petit mot de Fran\u00e7oise Purrey, votre apicultrice:<\/strong><\/p>\n<p>\u00ab\u00a0En raison d&rsquo;une mauvaise r\u00e9colte de miel en 2013, notamment\u00a0d\u00fb au printemps pluvieux\u00a0, je ne pourrai fournir du miel d&rsquo;acacia que sur la premi\u00e8re, voir la deuxi\u00e8me livraison. Merci pour votre compr\u00e9hension.\u00a0\u00bb<\/p>\n<p>&nbsp;<\/p>\n<p><strong> Voici le nouveau contrat miel, \u00e0 souscrire\u00a0 jeudi 30 janvier et jeudi 6 f\u00e9vrier.<\/strong><\/p>\n<p><a href=\"http:\/\/www.amaplaneteblanquefort.fr\/wordpress\/wp-content\/uploads\/2014\/01\/MIEL-contrat-2014-1e-semestre.pdf\">MIEL contrat 2014 1e semestre<\/a><\/p>\n<p>Merci de porter votre contrat et le r\u00e8glement associ\u00e9, aux horaires habituels de livraisons. N&rsquo;oubliez pas\u00a0 de prendre \u00e0 cette occasion votre adh\u00e9sion 2014 aupr\u00e8s des membres du bureau pr\u00e9sents ainsi que vos dates d&rsquo;aide \u00e0 la pr\u00e9paration des paniers.<\/p>\n<p>Sabine et Jo\u00eblle, vos coordinatrices, Fran\u00e7oise Purrey, votre apicultrice.<\/p>\n","protected":false},"excerpt":{"rendered":"<p>\u00a0 Un petit mot de Fran\u00e7oise Purrey, votre apicultrice: \u00ab\u00a0En raison d&rsquo;une mauvaise r\u00e9colte de miel en 2013, notamment\u00a0d\u00fb au printemps pluvieux\u00a0, je ne pourrai fournir du miel d&rsquo;acacia que sur la premi\u00e8re, voir la deuxi\u00e8me livraison. Merci pour votre compr\u00e9hension.\u00a0\u00bb &nbsp; Voici le nouveau contrat miel, \u00e0 souscrire\u00a0 jeudi 30 janvier et jeudi 6 &hellip; <a href=\"http:\/\/www.amaplaneteblanquefort.fr\/wordpress\/2014\/01\/27\/le-contrat-miel-du-1er-semestre-2014\/\" class=\"more-link\">Continuer la lecture de <span class=\"screen-reader-text\">Le contrat miel du 1er semestre 2014<\/span> <span class=\"meta-nav\">&rarr;<\/span><\/a><\/p>\n","protected":false},"author":1,"featured_media":0,"comment_status":"open","ping_status":"open","sticky":false,"template":"","format":"standard","meta":{"footnotes":""},"categories":[24],"tags":[],"class_list":["post-2844","post","type-post","status-publish","format-standard","hentry","category-12-miel"],"_links":{"self":[{"href":"http:\/\/www.amaplaneteblanquefort.fr\/wordpress\/wp-json\/wp\/v2\/posts\/2844","targetHints":{"allow":["GET"]}}],"collection":[{"href":"http:\/\/www.amaplaneteblanquefort.fr\/wordpress\/wp-json\/wp\/v2\/posts"}],"about":[{"href":"http:\/\/www.amaplaneteblanquefort.fr\/wordpress\/wp-json\/wp\/v2\/types\/post"}],"author":[{"embeddable":true,"href":"http:\/\/www.amaplaneteblanquefort.fr\/wordpress\/wp-json\/wp\/v2\/users\/1"}],"replies":[{"embeddable":true,"href":"http:\/\/www.amaplaneteblanquefort.fr\/wordpress\/wp-json\/wp\/v2\/comments?post=2844"}],"version-history":[{"count":4,"href":"http:\/\/www.amaplaneteblanquefort.fr\/wordpress\/wp-json\/wp\/v2\/posts\/2844\/revisions"}],"predecessor-version":[{"id":2852,"href":"http:\/\/www.amaplaneteblanquefort.fr\/wordpress\/wp-json\/wp\/v2\/posts\/2844\/revisions\/2852"}],"wp:attachment":[{"href":"http:\/\/www.amaplaneteblanquefort.fr\/wordpress\/wp-json\/wp\/v2\/media?parent=2844"}],"wp:term":[{"taxonomy":"category","embeddable":true,"href":"http:\/\/www.amaplaneteblanquefort.fr\/wordpress\/wp-json\/wp\/v2\/categories?post=2844"},{"taxonomy":"post_tag","embeddable":true,"href":"http:\/\/www.amaplaneteblanquefort.fr\/wordpress\/wp-json\/wp\/v2\/tags?post=2844"}],"curies":[{"name":"wp","href":"https:\/\/api.w.org\/{rel}","templated":true}]}}