{"id":2819,"date":"2014-01-20T11:29:52","date_gmt":"2014-01-20T10:29:52","guid":{"rendered":"http:\/\/www.amaplaneteblanquefort.fr\/wordpress\/?p=2819"},"modified":"2014-02-06T20:06:50","modified_gmt":"2014-02-06T19:06:50","slug":"les-assemblees-generales-2014","status":"publish","type":"post","link":"http:\/\/www.amaplaneteblanquefort.fr\/wordpress\/2014\/01\/20\/les-assemblees-generales-2014\/","title":{"rendered":"Les Assembl\u00e9es G\u00e9n\u00e9rales 2014"},"content":{"rendered":"<p>Bonjour \u00e0 tous,<\/p>\n<p>Cette ann\u00e9e, nous avons eu une <strong>Assembl\u00e9e G\u00e9n\u00e9rale Extraordinaire<\/strong> qui a permis une infime modification des statuts (mais il faut en passer par l\u00e0), et une <strong>Assembl\u00e9e G\u00e9n\u00e9rale Ordinaire<\/strong> qui a donn\u00e9 quitus pour la gestion 2013 et a donn\u00e9 lieu \u00e0 l&rsquo;\u00e9lection du <strong>Conseil Coll\u00e9gial<\/strong> pour l&rsquo;ann\u00e9e \u00e0 venir. Comme il se doit, le Conseil Coll\u00e9gial a \u00e9lu un <strong>Bureau<\/strong> en son sein.<\/p>\n<p>Vous trouverez tous les documents aff\u00e9rents en cliquant sur les liens ci-dessous. Bonne lecture ! Et n&rsquo;oubliez pas d&rsquo;imprimer votre <strong>BULLETIN<\/strong> D&rsquo;<strong>ADH\u00c9SION<\/strong> !!<\/p>\n<p>Proc\u00e8s Verbal de l&rsquo;Assembl\u00e9e G\u00e9n\u00e9rale Extraordinaire 2014\u00a0 <a href=\"http:\/\/www.amaplaneteblanquefort.fr\/wordpress\/wp-content\/uploads\/2014\/01\/PV-AG-EXTRAORDINAIRE-20140110.pdf\">PV AG EXTRAORDINAIRE 20140110<\/a><\/p>\n<p>Proc\u00e8s Verbal de l&rsquo;Assembl\u00e9e G\u00e9n\u00e9rale Ordinaire 2014 <a href=\"http:\/\/www.amaplaneteblanquefort.fr\/wordpress\/wp-content\/uploads\/2014\/01\/PV-AG-20140110.pdf\">PV AG 20140110<\/a><\/p>\n<p>Compte rendu de la r\u00e9union du Conseil Coll\u00e9gial du 10 janvier 2014 <a href=\"http:\/\/www.amaplaneteblanquefort.fr\/wordpress\/wp-content\/uploads\/2014\/01\/Election-BUREAU-10-janvier-2014.pdf\">Election BUREAU 10 janvier 2014<\/a><\/p>\n<p>Liste du Conseil Coll\u00e9gial avec indication des membres du Bureau\u00a0 <a href=\"http:\/\/www.amaplaneteblanquefort.fr\/wordpress\/wp-content\/uploads\/2014\/01\/Bureau-et-Conseil-Collegial-2014.pdf\">Bureau et Conseil Collegial 2014<\/a><\/p>\n<p>Bulletin d&rsquo;Adh\u00e9sion 2014 <a href=\"http:\/\/www.amaplaneteblanquefort.fr\/wordpress\/wp-content\/uploads\/2014\/01\/AMAPlan\u00e8te-Adh\u00e9sion2014.pdf\">AMAPlan\u00e8te Adh\u00e9sion2014<\/a><\/p>\n","protected":false},"excerpt":{"rendered":"<p>Bonjour \u00e0 tous, Cette ann\u00e9e, nous avons eu une Assembl\u00e9e G\u00e9n\u00e9rale Extraordinaire qui a permis une infime modification des statuts (mais il faut en passer par l\u00e0), et une Assembl\u00e9e G\u00e9n\u00e9rale Ordinaire qui a donn\u00e9 quitus pour la gestion 2013 et a donn\u00e9 lieu \u00e0 l&rsquo;\u00e9lection du Conseil Coll\u00e9gial pour l&rsquo;ann\u00e9e \u00e0 venir. Comme il &hellip; <a href=\"http:\/\/www.amaplaneteblanquefort.fr\/wordpress\/2014\/01\/20\/les-assemblees-generales-2014\/\" class=\"more-link\">Continuer la lecture de <span class=\"screen-reader-text\">Les Assembl\u00e9es G\u00e9n\u00e9rales 2014<\/span> <span class=\"meta-nav\">&rarr;<\/span><\/a><\/p>\n","protected":false},"author":1,"featured_media":0,"comment_status":"open","ping_status":"open","sticky":false,"template":"","format":"standard","meta":{"footnotes":""},"categories":[33],"tags":[],"class_list":["post-2819","post","type-post","status-publish","format-standard","hentry","category-b-la-conduite-de-lassociation"],"_links":{"self":[{"href":"http:\/\/www.amaplaneteblanquefort.fr\/wordpress\/wp-json\/wp\/v2\/posts\/2819","targetHints":{"allow":["GET"]}}],"collection":[{"href":"http:\/\/www.amaplaneteblanquefort.fr\/wordpress\/wp-json\/wp\/v2\/posts"}],"about":[{"href":"http:\/\/www.amaplaneteblanquefort.fr\/wordpress\/wp-json\/wp\/v2\/types\/post"}],"author":[{"embeddable":true,"href":"http:\/\/www.amaplaneteblanquefort.fr\/wordpress\/wp-json\/wp\/v2\/users\/1"}],"replies":[{"embeddable":true,"href":"http:\/\/www.amaplaneteblanquefort.fr\/wordpress\/wp-json\/wp\/v2\/comments?post=2819"}],"version-history":[{"count":1,"href":"http:\/\/www.amaplaneteblanquefort.fr\/wordpress\/wp-json\/wp\/v2\/posts\/2819\/revisions"}],"predecessor-version":[{"id":2820,"href":"http:\/\/www.amaplaneteblanquefort.fr\/wordpress\/wp-json\/wp\/v2\/posts\/2819\/revisions\/2820"}],"wp:attachment":[{"href":"http:\/\/www.amaplaneteblanquefort.fr\/wordpress\/wp-json\/wp\/v2\/media?parent=2819"}],"wp:term":[{"taxonomy":"category","embeddable":true,"href":"http:\/\/www.amaplaneteblanquefort.fr\/wordpress\/wp-json\/wp\/v2\/categories?post=2819"},{"taxonomy":"post_tag","embeddable":true,"href":"http:\/\/www.amaplaneteblanquefort.fr\/wordpress\/wp-json\/wp\/v2\/tags?post=2819"}],"curies":[{"name":"wp","href":"https:\/\/api.w.org\/{rel}","templated":true}]}}