{"id":2789,"date":"2014-01-06T14:29:59","date_gmt":"2014-01-06T13:29:59","guid":{"rendered":"http:\/\/www.amaplaneteblanquefort.fr\/wordpress\/?p=2789"},"modified":"2014-02-06T20:07:31","modified_gmt":"2014-02-06T19:07:31","slug":"assemblee-generale-damaplanete-blanquefort","status":"publish","type":"post","link":"http:\/\/www.amaplaneteblanquefort.fr\/wordpress\/2014\/01\/06\/assemblee-generale-damaplanete-blanquefort\/","title":{"rendered":"Assembl\u00e9e g\u00e9n\u00e9rale d&rsquo;Amaplan\u00e8te-Blanquefort"},"content":{"rendered":"<p><strong>L&rsquo;\u00e9quipe d&rsquo;Amaplan\u00e8te-Blanquefort vous convie \u00e0 son Assembl\u00e9e G\u00e9n\u00e9rale Ordinaire pr\u00e9c\u00e9d\u00e9e de l&rsquo;Assembl\u00e9e G\u00e9n\u00e9rale Extraordinaire le vendredi 10 janvier 2014.<br \/>\nNous vous attendons nombreux d\u00e8s 18h30 \u00e0 la MSP Maison des Services Publics de Caychac, pr\u00e8s de l&rsquo;\u00e9glise.<\/strong><\/p>\n","protected":false},"excerpt":{"rendered":"<p>L&rsquo;\u00e9quipe d&rsquo;Amaplan\u00e8te-Blanquefort vous convie \u00e0 son Assembl\u00e9e G\u00e9n\u00e9rale Ordinaire pr\u00e9c\u00e9d\u00e9e de l&rsquo;Assembl\u00e9e G\u00e9n\u00e9rale Extraordinaire le vendredi 10 janvier 2014. Nous vous attendons nombreux d\u00e8s 18h30 \u00e0 la MSP Maison des Services Publics de Caychac, pr\u00e8s de l&rsquo;\u00e9glise.<\/p>\n","protected":false},"author":1,"featured_media":0,"comment_status":"open","ping_status":"open","sticky":false,"template":"","format":"standard","meta":{"footnotes":""},"categories":[33],"tags":[],"class_list":["post-2789","post","type-post","status-publish","format-standard","hentry","category-b-la-conduite-de-lassociation"],"_links":{"self":[{"href":"http:\/\/www.amaplaneteblanquefort.fr\/wordpress\/wp-json\/wp\/v2\/posts\/2789","targetHints":{"allow":["GET"]}}],"collection":[{"href":"http:\/\/www.amaplaneteblanquefort.fr\/wordpress\/wp-json\/wp\/v2\/posts"}],"about":[{"href":"http:\/\/www.amaplaneteblanquefort.fr\/wordpress\/wp-json\/wp\/v2\/types\/post"}],"author":[{"embeddable":true,"href":"http:\/\/www.amaplaneteblanquefort.fr\/wordpress\/wp-json\/wp\/v2\/users\/1"}],"replies":[{"embeddable":true,"href":"http:\/\/www.amaplaneteblanquefort.fr\/wordpress\/wp-json\/wp\/v2\/comments?post=2789"}],"version-history":[{"count":2,"href":"http:\/\/www.amaplaneteblanquefort.fr\/wordpress\/wp-json\/wp\/v2\/posts\/2789\/revisions"}],"predecessor-version":[{"id":2791,"href":"http:\/\/www.amaplaneteblanquefort.fr\/wordpress\/wp-json\/wp\/v2\/posts\/2789\/revisions\/2791"}],"wp:attachment":[{"href":"http:\/\/www.amaplaneteblanquefort.fr\/wordpress\/wp-json\/wp\/v2\/media?parent=2789"}],"wp:term":[{"taxonomy":"category","embeddable":true,"href":"http:\/\/www.amaplaneteblanquefort.fr\/wordpress\/wp-json\/wp\/v2\/categories?post=2789"},{"taxonomy":"post_tag","embeddable":true,"href":"http:\/\/www.amaplaneteblanquefort.fr\/wordpress\/wp-json\/wp\/v2\/tags?post=2789"}],"curies":[{"name":"wp","href":"https:\/\/api.w.org\/{rel}","templated":true}]}}