{"id":2756,"date":"2013-12-14T06:02:54","date_gmt":"2013-12-14T05:02:54","guid":{"rendered":"http:\/\/www.amaplaneteblanquefort.fr\/wordpress\/?p=2756"},"modified":"2014-01-26T21:49:42","modified_gmt":"2014-01-26T20:49:42","slug":"contrat-pain-premier-trimestre-2014","status":"publish","type":"post","link":"http:\/\/www.amaplaneteblanquefort.fr\/wordpress\/2013\/12\/14\/contrat-pain-premier-trimestre-2014\/","title":{"rendered":"Contrat pain premier trimestre 2014"},"content":{"rendered":"<p>N&rsquo;oubliez de venir chercher jeudi 19 D\u00e9cembre votre derni\u00e8re livraison de pain.<\/p>\n<p>Vous pourrez en profiter pour renouveler votre contrat<\/p>\n<p>Dates de prises de contrat 19 d\u00e9cembre \u00a0et 9 Janvier, premi\u00e8re livraison le 16 janvier.<\/p>\n<p><a href=\"http:\/\/www.amaplaneteblanquefort.fr\/wordpress\/wp-content\/uploads\/2013\/12\/Le-contrat-pain.pdf\">Le contrat pain<\/a><\/p>\n<p><a href=\"http:\/\/www.amaplaneteblanquefort.fr\/wordpress\/wp-content\/uploads\/2013\/01\/P1240080_1.jpg\">Vos coordinatrices\u00a0: Maryl\u00e8ne BUISSON \u00a0 <\/a><a href=\"mailto:buisson.dmnjc@cegetel.net\">buisson.dmnjc@cegetel.net<\/a>\u00a0; Dominique GIRALDA <a href=\"mailto:alaingiralda@wanadoo.fr\">alaingiralda@wanadoo.fr<\/a>; Sylvie GUIRAUD\u00a0\u00a0 <a href=\"mailto:guiraud.deco@free.fr\">guiraud.deco@free.fr<\/a><\/p>\n<p><a href=\"http:\/\/www.amaplaneteblanquefort.fr\/wordpress\/wp-content\/uploads\/2013\/01\/P1240080_1.jpg\"><img loading=\"lazy\" decoding=\"async\" class=\"alignnone size-medium wp-image-1263\" alt=\"P1240080_1\" src=\"http:\/\/www.amaplaneteblanquefort.fr\/wordpress\/wp-content\/uploads\/2013\/01\/P1240080_1-300x225.jpg\" width=\"300\" height=\"225\" srcset=\"http:\/\/www.amaplaneteblanquefort.fr\/wordpress\/wp-content\/uploads\/2013\/01\/P1240080_1-300x225.jpg 300w, http:\/\/www.amaplaneteblanquefort.fr\/wordpress\/wp-content\/uploads\/2013\/01\/P1240080_1.jpg 800w\" sizes=\"auto, (max-width: 300px) 100vw, 300px\" \/><\/a><\/p>\n<p>&nbsp;<\/p>\n<p>&nbsp;<\/p>\n","protected":false},"excerpt":{"rendered":"<p>N&rsquo;oubliez de venir chercher jeudi 19 D\u00e9cembre votre derni\u00e8re livraison de pain. Vous pourrez en profiter pour renouveler votre contrat Dates de prises de contrat 19 d\u00e9cembre \u00a0et 9 Janvier, premi\u00e8re livraison le 16 janvier. Le contrat pain Vos coordinatrices\u00a0: Maryl\u00e8ne BUISSON \u00a0 buisson.dmnjc@cegetel.net\u00a0; Dominique GIRALDA alaingiralda@wanadoo.fr; Sylvie GUIRAUD\u00a0\u00a0 guiraud.deco@free.fr &nbsp; &nbsp;<\/p>\n","protected":false},"author":7,"featured_media":0,"comment_status":"open","ping_status":"open","sticky":false,"template":"","format":"standard","meta":{"footnotes":""},"categories":[22],"tags":[],"class_list":["post-2756","post","type-post","status-publish","format-standard","hentry","category-10-volailles"],"_links":{"self":[{"href":"http:\/\/www.amaplaneteblanquefort.fr\/wordpress\/wp-json\/wp\/v2\/posts\/2756","targetHints":{"allow":["GET"]}}],"collection":[{"href":"http:\/\/www.amaplaneteblanquefort.fr\/wordpress\/wp-json\/wp\/v2\/posts"}],"about":[{"href":"http:\/\/www.amaplaneteblanquefort.fr\/wordpress\/wp-json\/wp\/v2\/types\/post"}],"author":[{"embeddable":true,"href":"http:\/\/www.amaplaneteblanquefort.fr\/wordpress\/wp-json\/wp\/v2\/users\/7"}],"replies":[{"embeddable":true,"href":"http:\/\/www.amaplaneteblanquefort.fr\/wordpress\/wp-json\/wp\/v2\/comments?post=2756"}],"version-history":[{"count":4,"href":"http:\/\/www.amaplaneteblanquefort.fr\/wordpress\/wp-json\/wp\/v2\/posts\/2756\/revisions"}],"predecessor-version":[{"id":2759,"href":"http:\/\/www.amaplaneteblanquefort.fr\/wordpress\/wp-json\/wp\/v2\/posts\/2756\/revisions\/2759"}],"wp:attachment":[{"href":"http:\/\/www.amaplaneteblanquefort.fr\/wordpress\/wp-json\/wp\/v2\/media?parent=2756"}],"wp:term":[{"taxonomy":"category","embeddable":true,"href":"http:\/\/www.amaplaneteblanquefort.fr\/wordpress\/wp-json\/wp\/v2\/categories?post=2756"},{"taxonomy":"post_tag","embeddable":true,"href":"http:\/\/www.amaplaneteblanquefort.fr\/wordpress\/wp-json\/wp\/v2\/tags?post=2756"}],"curies":[{"name":"wp","href":"https:\/\/api.w.org\/{rel}","templated":true}]}}