{"id":2748,"date":"2013-12-13T15:51:30","date_gmt":"2013-12-13T14:51:30","guid":{"rendered":"http:\/\/www.amaplaneteblanquefort.fr\/wordpress\/?p=2748"},"modified":"2013-12-13T15:51:30","modified_gmt":"2013-12-13T14:51:30","slug":"livraison-de-plantes-aromatiques","status":"publish","type":"post","link":"http:\/\/www.amaplaneteblanquefort.fr\/wordpress\/2013\/12\/13\/livraison-de-plantes-aromatiques\/","title":{"rendered":"LIVRAISON DE PLANTES AROMATIQUES"},"content":{"rendered":"<p>Jeudi prochain, 19 d\u00e9cembre, n&rsquo;oubliez pas la derni\u00e8re livraison du contrat en cours, pour vos plantes aromatiques et tisanes.<\/p>\n<p>De quoi agr\u00e9menter vos plats et bien les dig\u00e9rer, pendant les f\u00eates !!<\/p>\n","protected":false},"excerpt":{"rendered":"<p>Jeudi prochain, 19 d\u00e9cembre, n&rsquo;oubliez pas la derni\u00e8re livraison du contrat en cours, pour vos plantes aromatiques et tisanes. De quoi agr\u00e9menter vos plats et bien les dig\u00e9rer, pendant les f\u00eates !!<\/p>\n","protected":false},"author":1,"featured_media":0,"comment_status":"open","ping_status":"open","sticky":false,"template":"","format":"standard","meta":{"footnotes":""},"categories":[26],"tags":[],"class_list":["post-2748","post","type-post","status-publish","format-standard","hentry","category-14-plantes-aromatiques"],"_links":{"self":[{"href":"http:\/\/www.amaplaneteblanquefort.fr\/wordpress\/wp-json\/wp\/v2\/posts\/2748","targetHints":{"allow":["GET"]}}],"collection":[{"href":"http:\/\/www.amaplaneteblanquefort.fr\/wordpress\/wp-json\/wp\/v2\/posts"}],"about":[{"href":"http:\/\/www.amaplaneteblanquefort.fr\/wordpress\/wp-json\/wp\/v2\/types\/post"}],"author":[{"embeddable":true,"href":"http:\/\/www.amaplaneteblanquefort.fr\/wordpress\/wp-json\/wp\/v2\/users\/1"}],"replies":[{"embeddable":true,"href":"http:\/\/www.amaplaneteblanquefort.fr\/wordpress\/wp-json\/wp\/v2\/comments?post=2748"}],"version-history":[{"count":1,"href":"http:\/\/www.amaplaneteblanquefort.fr\/wordpress\/wp-json\/wp\/v2\/posts\/2748\/revisions"}],"predecessor-version":[{"id":2749,"href":"http:\/\/www.amaplaneteblanquefort.fr\/wordpress\/wp-json\/wp\/v2\/posts\/2748\/revisions\/2749"}],"wp:attachment":[{"href":"http:\/\/www.amaplaneteblanquefort.fr\/wordpress\/wp-json\/wp\/v2\/media?parent=2748"}],"wp:term":[{"taxonomy":"category","embeddable":true,"href":"http:\/\/www.amaplaneteblanquefort.fr\/wordpress\/wp-json\/wp\/v2\/categories?post=2748"},{"taxonomy":"post_tag","embeddable":true,"href":"http:\/\/www.amaplaneteblanquefort.fr\/wordpress\/wp-json\/wp\/v2\/tags?post=2748"}],"curies":[{"name":"wp","href":"https:\/\/api.w.org\/{rel}","templated":true}]}}