{"id":2739,"date":"2013-12-08T23:45:21","date_gmt":"2013-12-08T22:45:21","guid":{"rendered":"http:\/\/www.amaplaneteblanquefort.fr\/wordpress\/?p=2739"},"modified":"2013-12-08T23:45:21","modified_gmt":"2013-12-08T22:45:21","slug":"notre-participation-au-telethon","status":"publish","type":"post","link":"http:\/\/www.amaplaneteblanquefort.fr\/wordpress\/2013\/12\/08\/notre-participation-au-telethon\/","title":{"rendered":"Notre participation au T\u00e9l\u00e9thon"},"content":{"rendered":"<p><a href=\"http:\/\/www.amaplaneteblanquefort.fr\/wordpress\/wp-content\/uploads\/2013\/12\/bourriche-T\u00e9l\u00e9thon.jpg\"><img loading=\"lazy\" decoding=\"async\" class=\"alignleft size-thumbnail wp-image-2740\" alt=\"bourriche T\u00e9l\u00e9thon\" src=\"http:\/\/www.amaplaneteblanquefort.fr\/wordpress\/wp-content\/uploads\/2013\/12\/bourriche-T\u00e9l\u00e9thon-150x150.jpg\" width=\"150\" height=\"150\" \/><\/a>\u00a0\u00a0\u00a0\u00a0\u00a0<span style=\"color: #800080;\">\u00a0\u00a0\u00a0\u00a0 Gr\u00e2ce \u00e0 vos dons, les n\u00f4tres et la participation d&rsquo;Amaplan\u00e8te-Blanquefort, nous avons offert 2 belles bourriches pour le loto du T\u00e9l\u00e9thon de ce dimanche 8 d\u00e9cembre. \u00a0 \u00a0 Les organisateurs de cette manifestation vous remercient chaleureusement !<\/span><a href=\"http:\/\/www.amaplaneteblanquefort.fr\/wordpress\/wp-content\/uploads\/2013\/12\/bourriches-2-T\u00e9l\u00e9thon.jpg\"><img loading=\"lazy\" decoding=\"async\" class=\"aligncenter size-thumbnail wp-image-2741\" alt=\"bourriches 2 T\u00e9l\u00e9thon\" src=\"http:\/\/www.amaplaneteblanquefort.fr\/wordpress\/wp-content\/uploads\/2013\/12\/bourriches-2-T\u00e9l\u00e9thon-150x150.jpg\" width=\"150\" height=\"150\" \/><\/a><\/p>\n","protected":false},"excerpt":{"rendered":"<p>\u00a0\u00a0\u00a0\u00a0\u00a0\u00a0\u00a0\u00a0\u00a0 Gr\u00e2ce \u00e0 vos dons, les n\u00f4tres et la participation d&rsquo;Amaplan\u00e8te-Blanquefort, nous avons offert 2 belles bourriches pour le loto du T\u00e9l\u00e9thon de ce dimanche 8 d\u00e9cembre. \u00a0 \u00a0 Les organisateurs de cette manifestation vous remercient chaleureusement !<\/p>\n","protected":false},"author":1,"featured_media":0,"comment_status":"open","ping_status":"open","sticky":false,"template":"","format":"standard","meta":{"footnotes":""},"categories":[30],"tags":[],"class_list":["post-2739","post","type-post","status-publish","format-standard","hentry","category-les-festivites"],"_links":{"self":[{"href":"http:\/\/www.amaplaneteblanquefort.fr\/wordpress\/wp-json\/wp\/v2\/posts\/2739","targetHints":{"allow":["GET"]}}],"collection":[{"href":"http:\/\/www.amaplaneteblanquefort.fr\/wordpress\/wp-json\/wp\/v2\/posts"}],"about":[{"href":"http:\/\/www.amaplaneteblanquefort.fr\/wordpress\/wp-json\/wp\/v2\/types\/post"}],"author":[{"embeddable":true,"href":"http:\/\/www.amaplaneteblanquefort.fr\/wordpress\/wp-json\/wp\/v2\/users\/1"}],"replies":[{"embeddable":true,"href":"http:\/\/www.amaplaneteblanquefort.fr\/wordpress\/wp-json\/wp\/v2\/comments?post=2739"}],"version-history":[{"count":5,"href":"http:\/\/www.amaplaneteblanquefort.fr\/wordpress\/wp-json\/wp\/v2\/posts\/2739\/revisions"}],"predecessor-version":[{"id":2746,"href":"http:\/\/www.amaplaneteblanquefort.fr\/wordpress\/wp-json\/wp\/v2\/posts\/2739\/revisions\/2746"}],"wp:attachment":[{"href":"http:\/\/www.amaplaneteblanquefort.fr\/wordpress\/wp-json\/wp\/v2\/media?parent=2739"}],"wp:term":[{"taxonomy":"category","embeddable":true,"href":"http:\/\/www.amaplaneteblanquefort.fr\/wordpress\/wp-json\/wp\/v2\/categories?post=2739"},{"taxonomy":"post_tag","embeddable":true,"href":"http:\/\/www.amaplaneteblanquefort.fr\/wordpress\/wp-json\/wp\/v2\/tags?post=2739"}],"curies":[{"name":"wp","href":"https:\/\/api.w.org\/{rel}","templated":true}]}}