{"id":2644,"date":"2013-11-29T11:41:38","date_gmt":"2013-11-29T10:41:38","guid":{"rendered":"http:\/\/www.amaplaneteblanquefort.fr\/wordpress\/?p=2644"},"modified":"2013-11-29T11:59:52","modified_gmt":"2013-11-29T10:59:52","slug":"contrats-fromages-de-chevre-pour-noel-et-1er-semestre-2014","status":"publish","type":"post","link":"http:\/\/www.amaplaneteblanquefort.fr\/wordpress\/2013\/11\/29\/contrats-fromages-de-chevre-pour-noel-et-1er-semestre-2014\/","title":{"rendered":"Contrats fromages de ch\u00e8vre pour No\u00ebl et 1er semestre 2014"},"content":{"rendered":"<h3 style=\"text-align: center;\">\u00a0\u00a0\u00a0\u00a0\u00a0<span style=\"color: #333333;\">\u00a0\u00a0\u00a0\u00a0<strong><br \/>\n<\/strong><\/span><\/h3>\n<h3 style=\"text-align: center;\"><span style=\"color: #333333;\"><strong> Les <span style=\"color: #800000;\">28 novembre, 5 et 12 d\u00e9cembre<\/span>, vous pouvez souscrire<\/strong><\/span><\/h3>\n<h2 style=\"text-align: center;\"><span style=\"color: #333333;\"><strong> le nouveau contrat <span style=\"text-decoration: underline;\">fromages<\/span><\/strong><\/span><strong><span style=\"color: #333333;\"><span style=\"text-decoration: underline;\"> de ch\u00e8vre<\/span>,<\/span><\/strong><\/h2>\n<p style=\"text-align: center;\"><strong><span style=\"color: #333333;\">\u00a0 pour la p\u00e9riode de janvier \u00e0 juillet 2014<\/span><\/strong><\/p>\n<div>\n<div>\n<div>\n<h3 style=\"text-align: center;\"><a href=\"http:\/\/www.amaplaneteblanquefort.fr\/wordpress\/wp-content\/uploads\/2013\/11\/Plateau-de-fromages-de-ch\u00e8vre-pour-No\u00ebl-2013.pdf.jpg\"><img loading=\"lazy\" decoding=\"async\" class=\"size-thumbnail wp-image-2645 aligncenter\" alt=\"Plateau de fromages de ch\u00e8vre pour No\u00ebl  2013.pdf\" src=\"http:\/\/www.amaplaneteblanquefort.fr\/wordpress\/wp-content\/uploads\/2013\/11\/Plateau-de-fromages-de-ch\u00e8vre-pour-No\u00ebl-2013.pdf-150x150.jpg\" width=\"150\" height=\"150\" \/><\/a><\/h3>\n<\/div>\n<h3>N&rsquo; oubliez pas, aux m\u00eames dates , de passer\u00a0 votre<span style=\"color: #333333;\"> <strong>commande\u00a0 sp\u00e9ciale\u00a0 pour No\u00ebl.<\/strong><\/span><\/h3>\n<\/div>\n<\/div>\n<div>Notre producteur vous propose une pr\u00e9sentation sur plateaux en palmier comme l&rsquo;an pass\u00e9<\/div>\n<div><\/div>\n<div><\/div>\n<div><span style=\"color: #ff0000;\">avec n\u0153uds rouges<\/span> pour les<span style=\"color: #333333;\"> <strong>7 fromages au tarif de 16.50 \u20ac<\/strong><\/span><\/div>\n<div><span style=\"color: #000000;\">avec n\u0153uds dor\u00e9s<\/span> pour les<span style=\"color: #333333;\"><strong> 5 fromages au tarif de 16.50\u20ac.<\/strong>\u00a0<\/span><\/div>\n<div><\/div>\n<div>Cliquer ici pour le :<strong> \u00a0\u00a0\u00a0 <a href=\"http:\/\/www.amaplaneteblanquefort.fr\/wordpress\/wp-content\/uploads\/2013\/11\/d\u00e9tail-des-plateaux.docx\">d\u00e9tail des plateaux\u00a0\u00a0\u00a0\u00a0\u00a0\u00a0 <a href=\"http:\/\/www.amaplaneteblanquefort.fr\/wordpress\/wp-content\/uploads\/2013\/11\/Contchevre-noel.pdf\">Contchevre noel<\/a><\/a><\/strong><\/div>\n<div><\/div>\n<div><\/div>\n<div><\/div>\n<div><\/div>\n<h3>Attention !!!<span style=\"color: #333333;\">!\u00a0 <strong>livraison pour No\u00ebl <span style=\"text-decoration: underline;\">le 19\/12<\/span><\/strong> <\/span>(date de la derni\u00e8re livraison du\u00a0 contrat en cours)<\/h3>\n<div><\/div>\n<div><\/div>\n<div><strong><a href=\"http:\/\/www.amaplaneteblanquefort.fr\/wordpress\/wp-content\/uploads\/2013\/11\/Contrat-chevre-jan-juil-2014.pdf\">Contrat ch\u00e8vre jan-juil-2014<\/a>\u00a0\u00a0\u00a0\u00a0 <a href=\"http:\/\/www.amaplaneteblanquefort.fr\/wordpress\/wp-content\/uploads\/2013\/11\/Votre-commande-fromages-Chevre-jan-juil-20141.pdf\">Votre commande fromages-Chevre-jan-juil-2014<\/a><\/strong><\/div>\n<div><\/div>\n<div><\/div>\n<div>Sylvie et Ghislaine, vos coordinatrices<\/div>\n<div><\/div>\n","protected":false},"excerpt":{"rendered":"<p>\u00a0\u00a0\u00a0\u00a0\u00a0\u00a0\u00a0\u00a0\u00a0 Les 28 novembre, 5 et 12 d\u00e9cembre, vous pouvez souscrire le nouveau contrat fromages de ch\u00e8vre, \u00a0 pour la p\u00e9riode de janvier \u00e0 juillet 2014 N&rsquo; oubliez pas, aux m\u00eames dates , de passer\u00a0 votre commande\u00a0 sp\u00e9ciale\u00a0 pour No\u00ebl. Notre producteur vous propose une pr\u00e9sentation sur plateaux en palmier comme l&rsquo;an pass\u00e9 avec n\u0153uds &hellip; <a href=\"http:\/\/www.amaplaneteblanquefort.fr\/wordpress\/2013\/11\/29\/contrats-fromages-de-chevre-pour-noel-et-1er-semestre-2014\/\" class=\"more-link\">Continuer la lecture de <span class=\"screen-reader-text\">Contrats fromages de ch\u00e8vre pour No\u00ebl et 1er semestre 2014<\/span> <span class=\"meta-nav\">&rarr;<\/span><\/a><\/p>\n","protected":false},"author":1,"featured_media":0,"comment_status":"open","ping_status":"open","sticky":false,"template":"","format":"standard","meta":{"footnotes":""},"categories":[23],"tags":[],"class_list":["post-2644","post","type-post","status-publish","format-standard","hentry","category-11-fromages-de-chevre"],"_links":{"self":[{"href":"http:\/\/www.amaplaneteblanquefort.fr\/wordpress\/wp-json\/wp\/v2\/posts\/2644","targetHints":{"allow":["GET"]}}],"collection":[{"href":"http:\/\/www.amaplaneteblanquefort.fr\/wordpress\/wp-json\/wp\/v2\/posts"}],"about":[{"href":"http:\/\/www.amaplaneteblanquefort.fr\/wordpress\/wp-json\/wp\/v2\/types\/post"}],"author":[{"embeddable":true,"href":"http:\/\/www.amaplaneteblanquefort.fr\/wordpress\/wp-json\/wp\/v2\/users\/1"}],"replies":[{"embeddable":true,"href":"http:\/\/www.amaplaneteblanquefort.fr\/wordpress\/wp-json\/wp\/v2\/comments?post=2644"}],"version-history":[{"count":24,"href":"http:\/\/www.amaplaneteblanquefort.fr\/wordpress\/wp-json\/wp\/v2\/posts\/2644\/revisions"}],"predecessor-version":[{"id":2709,"href":"http:\/\/www.amaplaneteblanquefort.fr\/wordpress\/wp-json\/wp\/v2\/posts\/2644\/revisions\/2709"}],"wp:attachment":[{"href":"http:\/\/www.amaplaneteblanquefort.fr\/wordpress\/wp-json\/wp\/v2\/media?parent=2644"}],"wp:term":[{"taxonomy":"category","embeddable":true,"href":"http:\/\/www.amaplaneteblanquefort.fr\/wordpress\/wp-json\/wp\/v2\/categories?post=2644"},{"taxonomy":"post_tag","embeddable":true,"href":"http:\/\/www.amaplaneteblanquefort.fr\/wordpress\/wp-json\/wp\/v2\/tags?post=2644"}],"curies":[{"name":"wp","href":"https:\/\/api.w.org\/{rel}","templated":true}]}}