{"id":2585,"date":"2013-11-10T12:34:30","date_gmt":"2013-11-10T11:34:30","guid":{"rendered":"http:\/\/www.amaplaneteblanquefort.fr\/wordpress\/?p=2585"},"modified":"2013-11-13T14:11:40","modified_gmt":"2013-11-13T13:11:40","slug":"commande-miel-et-paniers-cadeaux","status":"publish","type":"post","link":"http:\/\/www.amaplaneteblanquefort.fr\/wordpress\/2013\/11\/10\/commande-miel-et-paniers-cadeaux\/","title":{"rendered":"Commande miel et paniers cadeaux"},"content":{"rendered":"<p>&nbsp;<\/p>\n<p><span style=\"color: #0000ff;\"><strong><a href=\"http:\/\/www.amaplaneteblanquefort.fr\/wordpress\/wp-content\/uploads\/2013\/11\/panier-miel.jpg\"><img loading=\"lazy\" decoding=\"async\" class=\"alignleft size-thumbnail wp-image-2591\" alt=\"panier miel\" src=\"http:\/\/www.amaplaneteblanquefort.fr\/wordpress\/wp-content\/uploads\/2013\/11\/panier-miel-150x150.jpg\" width=\"150\" height=\"150\" \/><\/a>\u00a0\u00a0\u00a0\u00a0\u00a0\u00a0 D\u00e9tenteurs du contrat miel, ou pas, vous pourrez faire <\/strong><\/span><\/p>\n<p><span style=\"color: #0000ff;\"><strong>\u00a0\u00a0\u00a0\u00a0\u00a0 une commande , suppl\u00e9mentaire ou unique,\u00a0\u00a0 de miel\u00a0 et\/ou<\/strong><\/span><\/p>\n<p><span style=\"color: #0000ff;\"><strong>\u00a0\u00a0\u00a0\u00a0\u00a0 de paniers\u00a0 \u00e0 offrir pour les f\u00eates. Livraison le 12 d\u00e9cembre.<br \/>\n<\/strong><\/span><\/p>\n<p><span style=\"color: #ff6600;\"><strong> Ils sont compos\u00e9s de 3 pots de miel ( for\u00eat, toutes fleurs et printemps)<\/strong><\/span><\/p>\n<p><span style=\"color: #ff6600;\"><strong>ou de 2 pots (2 au choix entre les 3 vari\u00e9t\u00e9s) et\u00a0 de savons fabriqu\u00e9s\u00a0 avec le miel<\/strong><\/span><\/p>\n<p><span style=\"color: #ff6600;\"><strong> Voici le contrat \u00e0\u00a0 porter accompagn\u00e9 du r\u00e8glement,\u00a0 les jeudis 14, 21 et 28 novembre.<\/strong><\/span><\/p>\n<p><a href=\"http:\/\/www.amaplaneteblanquefort.fr\/wordpress\/wp-content\/uploads\/2013\/07\/MIEL-contrat-2013-4e-trim.pdf\">MIEL contrat 2013 4e trim\u00a0<\/a><\/p>\n<p><span style=\"color: #0000ff;\"><strong>Fran\u00e7oise Purrey,\u00a0 votre apicultrice, Sabine et Jo\u00eblle vos coordinatrices<\/strong><\/span><\/p>\n<p>&nbsp;<\/p>\n<p>&nbsp;<\/p>\n","protected":false},"excerpt":{"rendered":"<p>&nbsp; \u00a0\u00a0\u00a0\u00a0\u00a0\u00a0 D\u00e9tenteurs du contrat miel, ou pas, vous pourrez faire \u00a0\u00a0\u00a0\u00a0\u00a0 une commande , suppl\u00e9mentaire ou unique,\u00a0\u00a0 de miel\u00a0 et\/ou \u00a0\u00a0\u00a0\u00a0\u00a0 de paniers\u00a0 \u00e0 offrir pour les f\u00eates. Livraison le 12 d\u00e9cembre. Ils sont compos\u00e9s de 3 pots de miel ( for\u00eat, toutes fleurs et printemps) ou de 2 pots (2 au choix entre &hellip; <a href=\"http:\/\/www.amaplaneteblanquefort.fr\/wordpress\/2013\/11\/10\/commande-miel-et-paniers-cadeaux\/\" class=\"more-link\">Continuer la lecture de <span class=\"screen-reader-text\">Commande miel et paniers cadeaux<\/span> <span class=\"meta-nav\">&rarr;<\/span><\/a><\/p>\n","protected":false},"author":1,"featured_media":0,"comment_status":"open","ping_status":"open","sticky":false,"template":"","format":"standard","meta":{"footnotes":""},"categories":[24],"tags":[],"class_list":["post-2585","post","type-post","status-publish","format-standard","hentry","category-12-miel"],"_links":{"self":[{"href":"http:\/\/www.amaplaneteblanquefort.fr\/wordpress\/wp-json\/wp\/v2\/posts\/2585","targetHints":{"allow":["GET"]}}],"collection":[{"href":"http:\/\/www.amaplaneteblanquefort.fr\/wordpress\/wp-json\/wp\/v2\/posts"}],"about":[{"href":"http:\/\/www.amaplaneteblanquefort.fr\/wordpress\/wp-json\/wp\/v2\/types\/post"}],"author":[{"embeddable":true,"href":"http:\/\/www.amaplaneteblanquefort.fr\/wordpress\/wp-json\/wp\/v2\/users\/1"}],"replies":[{"embeddable":true,"href":"http:\/\/www.amaplaneteblanquefort.fr\/wordpress\/wp-json\/wp\/v2\/comments?post=2585"}],"version-history":[{"count":9,"href":"http:\/\/www.amaplaneteblanquefort.fr\/wordpress\/wp-json\/wp\/v2\/posts\/2585\/revisions"}],"predecessor-version":[{"id":2598,"href":"http:\/\/www.amaplaneteblanquefort.fr\/wordpress\/wp-json\/wp\/v2\/posts\/2585\/revisions\/2598"}],"wp:attachment":[{"href":"http:\/\/www.amaplaneteblanquefort.fr\/wordpress\/wp-json\/wp\/v2\/media?parent=2585"}],"wp:term":[{"taxonomy":"category","embeddable":true,"href":"http:\/\/www.amaplaneteblanquefort.fr\/wordpress\/wp-json\/wp\/v2\/categories?post=2585"},{"taxonomy":"post_tag","embeddable":true,"href":"http:\/\/www.amaplaneteblanquefort.fr\/wordpress\/wp-json\/wp\/v2\/tags?post=2585"}],"curies":[{"name":"wp","href":"https:\/\/api.w.org\/{rel}","templated":true}]}}