{"id":2511,"date":"2013-10-27T19:54:05","date_gmt":"2013-10-27T18:54:05","guid":{"rendered":"http:\/\/www.amaplaneteblanquefort.fr\/wordpress\/?p=2511"},"modified":"2013-11-18T09:17:48","modified_gmt":"2013-11-18T08:17:48","slug":"noel-chez-les-bergers-2","status":"publish","type":"post","link":"http:\/\/www.amaplaneteblanquefort.fr\/wordpress\/2013\/10\/27\/noel-chez-les-bergers-2\/","title":{"rendered":"NOEL CHEZ LES BERGERS"},"content":{"rendered":"<p><strong>le prochain RDV \u00e0 la ferme du Paillot!!!!!<\/strong><\/p>\n<p><strong>\u00a0<a href=\"http:\/\/www.amaplaneteblanquefort.fr\/wordpress\/wp-content\/uploads\/2013\/11\/noel-des-bergers-2.jpg\"><img loading=\"lazy\" decoding=\"async\" class=\"aligncenter size-medium wp-image-2612\" style=\"width: 306px;height: 355px\" alt=\"noel des bergers (2)\" src=\"http:\/\/www.amaplaneteblanquefort.fr\/wordpress\/wp-content\/uploads\/2013\/11\/noel-des-bergers-2-207x300.jpg\" width=\"258\" height=\"326\" \/><\/a><\/strong><\/p>\n<p><strong>RDV le dimanche 8 d\u00e9cembre \u00e0 la ferme du Paillot pour une journ\u00e9e particuli\u00e8re&#8230;.\u00a0\u00bbN\u00f6el chez les bergers\u00a0\u00bb. Lors de cette journ\u00e9e:<\/strong><\/p>\n<p><strong>&#8211; Vous retrouverez tous les animaux de la ferme en bergerie: Brebis, agneaux, vache, \u00e2ne, poules, oies, dindons, alpagas et lapins<\/strong><\/p>\n<p><strong>&#8211; De nombreuses animations: d\u00e9monstration de vannerie, ateliers tricots, ateliers feutrage, d\u00e9couverte des animaux nocturnes et \u00e9tude de pelotes de r\u00e9gurgitation, Igloo en paille&#8230;<\/strong><\/p>\n<p><strong>&#8211; Des stands o\u00f9 vous pourrez admirer le savoir-faire de chacun<\/strong><\/p>\n<p><strong>&#8211; Des producteurs: agneaux, canards, vins, miel, fromage de brebis pour le plus grand plaisir de tous<\/strong><\/p>\n<p><strong>\u00a0<\/strong><\/p>\n<p><strong>Il y a la possibilit\u00e9 de se restaurer sur place et de composer son repas selon ses envies.<\/strong><\/p>\n<p><strong>\u00a0<\/strong><\/p>\n<p><strong>Vous trouverez une affiche en pi\u00e8ce jointe, n&rsquo;h\u00e9sitez pas \u00e0 la diffuser autour de vous.<\/strong><\/p>\n<p><strong>\u00a0<\/strong><\/p>\n<p><strong>A tr\u00e8s bient\u00f4t<\/strong><\/p>\n<p><strong>Pascal et Domi, vos bergers<\/strong><\/p>\n","protected":false},"excerpt":{"rendered":"<p>le prochain RDV \u00e0 la ferme du Paillot!!!!! \u00a0 RDV le dimanche 8 d\u00e9cembre \u00e0 la ferme du Paillot pour une journ\u00e9e particuli\u00e8re&#8230;.\u00a0\u00bbN\u00f6el chez les bergers\u00a0\u00bb. Lors de cette journ\u00e9e: &#8211; Vous retrouverez tous les animaux de la ferme en bergerie: Brebis, agneaux, vache, \u00e2ne, poules, oies, dindons, alpagas et lapins &#8211; De nombreuses animations: &hellip; <a href=\"http:\/\/www.amaplaneteblanquefort.fr\/wordpress\/2013\/10\/27\/noel-chez-les-bergers-2\/\" class=\"more-link\">Continuer la lecture de <span class=\"screen-reader-text\">NOEL CHEZ LES BERGERS<\/span> <span class=\"meta-nav\">&rarr;<\/span><\/a><\/p>\n","protected":false},"author":17,"featured_media":0,"comment_status":"open","ping_status":"open","sticky":false,"template":"","format":"standard","meta":{"footnotes":""},"categories":[8],"tags":[],"class_list":["post-2511","post","type-post","status-publish","format-standard","hentry","category-04-agneau"],"_links":{"self":[{"href":"http:\/\/www.amaplaneteblanquefort.fr\/wordpress\/wp-json\/wp\/v2\/posts\/2511","targetHints":{"allow":["GET"]}}],"collection":[{"href":"http:\/\/www.amaplaneteblanquefort.fr\/wordpress\/wp-json\/wp\/v2\/posts"}],"about":[{"href":"http:\/\/www.amaplaneteblanquefort.fr\/wordpress\/wp-json\/wp\/v2\/types\/post"}],"author":[{"embeddable":true,"href":"http:\/\/www.amaplaneteblanquefort.fr\/wordpress\/wp-json\/wp\/v2\/users\/17"}],"replies":[{"embeddable":true,"href":"http:\/\/www.amaplaneteblanquefort.fr\/wordpress\/wp-json\/wp\/v2\/comments?post=2511"}],"version-history":[{"count":5,"href":"http:\/\/www.amaplaneteblanquefort.fr\/wordpress\/wp-json\/wp\/v2\/posts\/2511\/revisions"}],"predecessor-version":[{"id":2613,"href":"http:\/\/www.amaplaneteblanquefort.fr\/wordpress\/wp-json\/wp\/v2\/posts\/2511\/revisions\/2613"}],"wp:attachment":[{"href":"http:\/\/www.amaplaneteblanquefort.fr\/wordpress\/wp-json\/wp\/v2\/media?parent=2511"}],"wp:term":[{"taxonomy":"category","embeddable":true,"href":"http:\/\/www.amaplaneteblanquefort.fr\/wordpress\/wp-json\/wp\/v2\/categories?post=2511"},{"taxonomy":"post_tag","embeddable":true,"href":"http:\/\/www.amaplaneteblanquefort.fr\/wordpress\/wp-json\/wp\/v2\/tags?post=2511"}],"curies":[{"name":"wp","href":"https:\/\/api.w.org\/{rel}","templated":true}]}}