{"id":2477,"date":"2013-10-23T21:52:26","date_gmt":"2013-10-23T19:52:26","guid":{"rendered":"http:\/\/www.amaplaneteblanquefort.fr\/wordpress\/?p=2477"},"modified":"2013-10-31T09:32:30","modified_gmt":"2013-10-31T08:32:30","slug":"diner-du-11-octobre-en-lhonneur-de-nos-producteurs","status":"publish","type":"post","link":"http:\/\/www.amaplaneteblanquefort.fr\/wordpress\/2013\/10\/23\/diner-du-11-octobre-en-lhonneur-de-nos-producteurs\/","title":{"rendered":"D\u00eener du 11 Octobre en l&rsquo;honneur de nos producteurs"},"content":{"rendered":"<p>Le vendredi 11 octobre 2013, a eu lieu le d\u00eener organis\u00e9 en l\u2019honneur de nos producteurs. Ils \u00e9taient nombreux \u00e0 partager ce moment avec nous m\u00eame si certains d\u2019entre eux ont d\u00fb, avec regret, se d\u00e9sister en derni\u00e8re minute du fait de soucis familiaux. Nombreux aussi, les coordinateurs. Il \u00e9tait rare qu\u2019un producteur n\u2019ait pas au moins une coordinatrice pr\u00e9sente (ou un coordinateur).<\/p>\n<p><a href=\"http:\/\/www.amaplaneteblanquefort.fr\/wordpress\/wp-content\/uploads\/2013\/10\/AMAP_repas-141.jpg\"><img loading=\"lazy\" decoding=\"async\" class=\"alignleft size-medium wp-image-2541\" alt=\"AMAP_repas (14)\" src=\"http:\/\/www.amaplaneteblanquefort.fr\/wordpress\/wp-content\/uploads\/2013\/10\/AMAP_repas-141-300x199.jpg\" width=\"300\" height=\"199\" srcset=\"http:\/\/www.amaplaneteblanquefort.fr\/wordpress\/wp-content\/uploads\/2013\/10\/AMAP_repas-141-300x199.jpg 300w, http:\/\/www.amaplaneteblanquefort.fr\/wordpress\/wp-content\/uploads\/2013\/10\/AMAP_repas-141-1024x680.jpg 1024w\" sizes=\"auto, (max-width: 300px) 100vw, 300px\" \/><\/a><\/p>\n<p>&nbsp;<\/p>\n<p style=\"text-align: left;\">Tout le monde a bien discut\u00e9 autour d\u2019une d\u00e9licieuse sangria et, apr\u00e8s deux petits discours, une bonne douzaine de coordinateurs (ainsi que MM. DELSAUX et DIXON) se sont rassembl\u00e9s pour chanter aux producteurs la fameuse chanson de BRASSENS, la Chanson de l\u2019Auvergnat.<\/p>\n<p style=\"text-align: left;\">\n<p style=\"text-align: left;\">\n<p style=\"text-align: left;\">\n<p style=\"text-align: left;\"><a href=\"http:\/\/www.amaplaneteblanquefort.fr\/wordpress\/wp-content\/uploads\/2013\/10\/AMAP_repas-19.jpg\"><img loading=\"lazy\" decoding=\"async\" class=\"alignright size-medium wp-image-2542\" alt=\"AMAP_repas (19)\" src=\"http:\/\/www.amaplaneteblanquefort.fr\/wordpress\/wp-content\/uploads\/2013\/10\/AMAP_repas-19-300x126.jpg\" width=\"300\" height=\"126\" srcset=\"http:\/\/www.amaplaneteblanquefort.fr\/wordpress\/wp-content\/uploads\/2013\/10\/AMAP_repas-19-300x126.jpg 300w, http:\/\/www.amaplaneteblanquefort.fr\/wordpress\/wp-content\/uploads\/2013\/10\/AMAP_repas-19-1024x430.jpg 1024w\" sizes=\"auto, (max-width: 300px) 100vw, 300px\" \/><\/a><\/p>\n<p>Chacun avait concoct\u00e9 des couplets en rapport avec ses producteurs et quelques lignes \u00e9taient\u00a0 m\u00eame \u00e9crites pour ceux qui avaient indiqu\u00e9 tr\u00e8s t\u00f4t qu\u2019il leur serait impossible de se joindre \u00e0 nous. Ce fut un moment bien agr\u00e9able qui semble avoir \u00e9t\u00e9 fort appr\u00e9ci\u00e9 des producteurs, dont certains se sont montr\u00e9s particuli\u00e8rement touch\u00e9s.<\/p>\n<p>&nbsp;<\/p>\n<p>Chacun a ensuite rejoint sa place, \u00e0 la table qui lui avait \u00e9t\u00e9 indiqu\u00e9e et nous avons d\u00e9gust\u00e9 un fameux couscous (pr\u00e9par\u00e9 par Mme CRUCHADE) ainsi qu\u2019un d\u00e9licieux g\u00e2teau au chocolat r\u00e9alis\u00e9 par Eric TILLOT.<\/p>\n<p>Entre les deux, un quiz a eu lieu, de table en table, dont le but \u00e9tait que chaque producteur explique \u00e0 quoi servait tel ou tel outil, ou bien encore la signification d\u2019un mot concernant particuli\u00e8rement leur m\u00e9tier.<\/p>\n<p><a href=\"http:\/\/www.amaplaneteblanquefort.fr\/wordpress\/wp-content\/uploads\/2013\/10\/AMAP_repas-341.jpg\"><img loading=\"lazy\" decoding=\"async\" class=\"alignright size-medium wp-image-2543\" alt=\"AMAP_repas (34)\" src=\"http:\/\/www.amaplaneteblanquefort.fr\/wordpress\/wp-content\/uploads\/2013\/10\/AMAP_repas-341-300x194.jpg\" width=\"300\" height=\"194\" srcset=\"http:\/\/www.amaplaneteblanquefort.fr\/wordpress\/wp-content\/uploads\/2013\/10\/AMAP_repas-341-300x194.jpg 300w, http:\/\/www.amaplaneteblanquefort.fr\/wordpress\/wp-content\/uploads\/2013\/10\/AMAP_repas-341-1024x663.jpg 1024w\" sizes=\"auto, (max-width: 300px) 100vw, 300px\" \/><\/a><\/p>\n<p>Ce fut une soir\u00e9e tr\u00e8s agr\u00e9able, conviviale \u00e0 souhait, qui a confort\u00e9 nos liens et dont la r\u00e9ussite est due \u00e0 la solidarit\u00e9 de nombreuses personnes qui ont organis\u00e9 le repas, l\u2019ap\u00e9ritif, les tables, pr\u00e9par\u00e9 des photos, de la musique, la chanson, etc\u2026 D\u00e9j\u00e0, chacune des personnes pr\u00e9sentes semble penser \u00e0 ce que nous pourrions faire l\u2019an prochain\u00a0!<\/p>\n","protected":false},"excerpt":{"rendered":"<p>Le vendredi 11 octobre 2013, a eu lieu le d\u00eener organis\u00e9 en l\u2019honneur de nos producteurs. Ils \u00e9taient nombreux \u00e0 partager ce moment avec nous m\u00eame si certains d\u2019entre eux ont d\u00fb, avec regret, se d\u00e9sister en derni\u00e8re minute du fait de soucis familiaux. Nombreux aussi, les coordinateurs. Il \u00e9tait rare qu\u2019un producteur n\u2019ait pas &hellip; <a href=\"http:\/\/www.amaplaneteblanquefort.fr\/wordpress\/2013\/10\/23\/diner-du-11-octobre-en-lhonneur-de-nos-producteurs\/\" class=\"more-link\">Continuer la lecture de <span class=\"screen-reader-text\">D\u00eener du 11 Octobre en l&rsquo;honneur de nos producteurs<\/span> <span class=\"meta-nav\">&rarr;<\/span><\/a><\/p>\n","protected":false},"author":1,"featured_media":0,"comment_status":"open","ping_status":"open","sticky":false,"template":"","format":"standard","meta":{"footnotes":""},"categories":[30],"tags":[],"class_list":["post-2477","post","type-post","status-publish","format-standard","hentry","category-les-festivites"],"_links":{"self":[{"href":"http:\/\/www.amaplaneteblanquefort.fr\/wordpress\/wp-json\/wp\/v2\/posts\/2477","targetHints":{"allow":["GET"]}}],"collection":[{"href":"http:\/\/www.amaplaneteblanquefort.fr\/wordpress\/wp-json\/wp\/v2\/posts"}],"about":[{"href":"http:\/\/www.amaplaneteblanquefort.fr\/wordpress\/wp-json\/wp\/v2\/types\/post"}],"author":[{"embeddable":true,"href":"http:\/\/www.amaplaneteblanquefort.fr\/wordpress\/wp-json\/wp\/v2\/users\/1"}],"replies":[{"embeddable":true,"href":"http:\/\/www.amaplaneteblanquefort.fr\/wordpress\/wp-json\/wp\/v2\/comments?post=2477"}],"version-history":[{"count":7,"href":"http:\/\/www.amaplaneteblanquefort.fr\/wordpress\/wp-json\/wp\/v2\/posts\/2477\/revisions"}],"predecessor-version":[{"id":2546,"href":"http:\/\/www.amaplaneteblanquefort.fr\/wordpress\/wp-json\/wp\/v2\/posts\/2477\/revisions\/2546"}],"wp:attachment":[{"href":"http:\/\/www.amaplaneteblanquefort.fr\/wordpress\/wp-json\/wp\/v2\/media?parent=2477"}],"wp:term":[{"taxonomy":"category","embeddable":true,"href":"http:\/\/www.amaplaneteblanquefort.fr\/wordpress\/wp-json\/wp\/v2\/categories?post=2477"},{"taxonomy":"post_tag","embeddable":true,"href":"http:\/\/www.amaplaneteblanquefort.fr\/wordpress\/wp-json\/wp\/v2\/tags?post=2477"}],"curies":[{"name":"wp","href":"https:\/\/api.w.org\/{rel}","templated":true}]}}