{"id":2341,"date":"2013-09-30T11:54:46","date_gmt":"2013-09-30T09:54:46","guid":{"rendered":"http:\/\/www.amaplaneteblanquefort.fr\/wordpress\/?p=2341"},"modified":"2013-09-30T12:13:25","modified_gmt":"2013-09-30T10:13:25","slug":"plantes-aromatiques-et-tisanes","status":"publish","type":"post","link":"http:\/\/www.amaplaneteblanquefort.fr\/wordpress\/2013\/09\/30\/plantes-aromatiques-et-tisanes\/","title":{"rendered":"PLANTES AROMATIQUES ET TISANES"},"content":{"rendered":"<p><b>Beno\u00eet DIMA, notre Cultivateur de Saveurs<\/b>, nous propose ses <b>AROMATES <\/b>et<b> <\/b>ses<b> TISANES<\/b>, dans un nouveau contrat de 2 livraisons\u00a0: les 10 octobre et 19 d\u00e9cembre prochains.<\/p>\n<p><b>La prise de contrat se fera encore\u00a0 <\/b><b>jeudi 3 octobre<\/b><b><\/b>.<\/p>\n<p>Vous pouvez t\u00e9l\u00e9charger les <span style=\"text-decoration: underline;\">DEUX<\/span> documents accessibles par les liens ci-dessous qui constituent ce contrat, lequel, comme vous le savez, offre de nombreux produits.<\/p>\n<p><a href=\"http:\/\/www.amaplaneteblanquefort.fr\/wordpress\/wp-content\/uploads\/2013\/09\/AROMATESetTISANESp12.pdf\">AROMATESetTISANESp1<\/a><\/p>\n<p><a href=\"http:\/\/www.amaplaneteblanquefort.fr\/wordpress\/wp-content\/uploads\/2013\/09\/AROMATESetTISANESp2-septd\u00e9c2013.pdf\">AROMATESetTISANESp2 septd\u00e9c2013<\/a><\/p>\n<p>Vous y trouverez <b>quelques<\/b> <b>nouveaut\u00e9s<\/b> en aromates (ciboulette, ail des ours) et en tisanes (tilleul, ortie, pr\u00eale des champs, vigne rouge et Au F\u00e9minin).<\/p>\n<p>Pour m\u00e9moire, rappelons quelques propri\u00e9t\u00e9s de ces plantes.<\/p>\n<p><b>L\u2019Ail des Ours <\/b><\/p>\n<p>Sa saveur aill\u00e9e permet de relever vos salades de crudit\u00e9s et vos omelettes. On peut \u00e9galement\u00a0 le saupoudrer sur un gigot d\u2019agneau ou le m\u00e9langer \u00e0 du fromage frais<\/p>\n<p>On ne fait plus l\u2019\u00e9loge du <b>tilleul<\/b>\u00a0! Quant \u00e0 <b>la pr\u00eale des champs, <\/b>elle est pr\u00e9conis\u00e9e pour les calculs r\u00e9naux et, \u00e9galement, pour les troubles urinaires, car elle est diur\u00e9tique gr\u00e2ce \u00e0 ses flavono\u00efdes.<\/p>\n<p><b>L\u2019ortie<\/b> est une plante galactog\u00e8ne, diur\u00e9tique et drainante (foie, reins). On lui pr\u00eate \u00e9galement des vertus anti-infectieuses.<\/p>\n<p>De par son importante activit\u00e9 vitaminique P et son action veinotonique, <b>la vigne rouge<\/b> est conseill\u00e9e dans les insuffisances veineuses et les troubles de la fragilit\u00e9 capillaire.<\/p>\n<p>Quant \u00e0 \u00ab\u00a0<b>Au F\u00e9minin<\/b>\u00a0\u00bb, comme son nom l\u2019indique, elle nous est particuli\u00e8rement recommand\u00e9e \u00e0 nous les femmes\u00a0!<\/p>\n<p>Nous vous attendrons donc jeudi prochain, avec votre contrat d\u00fbment compl\u00e9t\u00e9\u00a0!<\/p>\n<p>Vos coordinatrices,<\/p>\n<p>Emmanuelle SPITERI et Dominique BRET<\/p>\n","protected":false},"excerpt":{"rendered":"<p>Beno\u00eet DIMA, notre Cultivateur de Saveurs, nous propose ses AROMATES et ses TISANES, dans un nouveau contrat de 2 livraisons\u00a0: les 10 octobre et 19 d\u00e9cembre prochains. La prise de contrat se fera encore\u00a0 jeudi 3 octobre. Vous pouvez t\u00e9l\u00e9charger les DEUX documents accessibles par les liens ci-dessous qui constituent ce contrat, lequel, comme vous &hellip; <a href=\"http:\/\/www.amaplaneteblanquefort.fr\/wordpress\/2013\/09\/30\/plantes-aromatiques-et-tisanes\/\" class=\"more-link\">Continuer la lecture de <span class=\"screen-reader-text\">PLANTES AROMATIQUES ET TISANES<\/span> <span class=\"meta-nav\">&rarr;<\/span><\/a><\/p>\n","protected":false},"author":1,"featured_media":0,"comment_status":"open","ping_status":"open","sticky":false,"template":"","format":"standard","meta":{"footnotes":""},"categories":[26],"tags":[],"class_list":["post-2341","post","type-post","status-publish","format-standard","hentry","category-14-plantes-aromatiques"],"_links":{"self":[{"href":"http:\/\/www.amaplaneteblanquefort.fr\/wordpress\/wp-json\/wp\/v2\/posts\/2341","targetHints":{"allow":["GET"]}}],"collection":[{"href":"http:\/\/www.amaplaneteblanquefort.fr\/wordpress\/wp-json\/wp\/v2\/posts"}],"about":[{"href":"http:\/\/www.amaplaneteblanquefort.fr\/wordpress\/wp-json\/wp\/v2\/types\/post"}],"author":[{"embeddable":true,"href":"http:\/\/www.amaplaneteblanquefort.fr\/wordpress\/wp-json\/wp\/v2\/users\/1"}],"replies":[{"embeddable":true,"href":"http:\/\/www.amaplaneteblanquefort.fr\/wordpress\/wp-json\/wp\/v2\/comments?post=2341"}],"version-history":[{"count":5,"href":"http:\/\/www.amaplaneteblanquefort.fr\/wordpress\/wp-json\/wp\/v2\/posts\/2341\/revisions"}],"predecessor-version":[{"id":2428,"href":"http:\/\/www.amaplaneteblanquefort.fr\/wordpress\/wp-json\/wp\/v2\/posts\/2341\/revisions\/2428"}],"wp:attachment":[{"href":"http:\/\/www.amaplaneteblanquefort.fr\/wordpress\/wp-json\/wp\/v2\/media?parent=2341"}],"wp:term":[{"taxonomy":"category","embeddable":true,"href":"http:\/\/www.amaplaneteblanquefort.fr\/wordpress\/wp-json\/wp\/v2\/categories?post=2341"},{"taxonomy":"post_tag","embeddable":true,"href":"http:\/\/www.amaplaneteblanquefort.fr\/wordpress\/wp-json\/wp\/v2\/tags?post=2341"}],"curies":[{"name":"wp","href":"https:\/\/api.w.org\/{rel}","templated":true}]}}