{"id":2272,"date":"2013-09-02T13:27:04","date_gmt":"2013-09-02T11:27:04","guid":{"rendered":"http:\/\/www.amaplaneteblanquefort.fr\/wordpress\/?p=2272"},"modified":"2013-09-13T11:48:58","modified_gmt":"2013-09-13T09:48:59","slug":"appel-a-coordinateurs","status":"publish","type":"post","link":"http:\/\/www.amaplaneteblanquefort.fr\/wordpress\/2013\/09\/02\/appel-a-coordinateurs\/","title":{"rendered":"Appel \u00e0 coordinateurs"},"content":{"rendered":"<p><strong>Nous avons besoin de vous pour aider sur plusieurs contrats.<\/strong><\/p>\n<p><strong>Pour le contrat l\u00e9gumes, encore 1\u00a0 personne , afin de vous relayer toutes les 4 semaines.(3 personnes se sont propos\u00e9es)<br \/>\n<\/strong><\/p>\n<p><strong>Pour le contrat volailles, 1 personne pour compl\u00e9ter l&rsquo;\u00e9quipe de 3 (livraisons tous les 15 jours, pr\u00e9sence 1 fois sur 2 )<\/strong><\/p>\n<p>merci de vous faire conna\u00eetre aupr\u00e8s de Dominique Bret, Dany Deluche ou Joelle Corral<\/p>\n<p>et bienvenue aux nouveaux qui rejoignent la grande \u00e9quipe de coordinateurs.<\/p>\n","protected":false},"excerpt":{"rendered":"<p>Nous avons besoin de vous pour aider sur plusieurs contrats. Pour le contrat l\u00e9gumes, encore 1\u00a0 personne , afin de vous relayer toutes les 4 semaines.(3 personnes se sont propos\u00e9es) Pour le contrat volailles, 1 personne pour compl\u00e9ter l&rsquo;\u00e9quipe de 3 (livraisons tous les 15 jours, pr\u00e9sence 1 fois sur 2 ) merci de vous &hellip; <a href=\"http:\/\/www.amaplaneteblanquefort.fr\/wordpress\/2013\/09\/02\/appel-a-coordinateurs\/\" class=\"more-link\">Continuer la lecture de <span class=\"screen-reader-text\">Appel \u00e0 coordinateurs<\/span> <span class=\"meta-nav\">&rarr;<\/span><\/a><\/p>\n","protected":false},"author":1,"featured_media":0,"comment_status":"open","ping_status":"open","sticky":false,"template":"","format":"standard","meta":{"footnotes":""},"categories":[12],"tags":[],"class_list":["post-2272","post","type-post","status-publish","format-standard","hentry","category-les-aides-a-la-distribution"],"_links":{"self":[{"href":"http:\/\/www.amaplaneteblanquefort.fr\/wordpress\/wp-json\/wp\/v2\/posts\/2272","targetHints":{"allow":["GET"]}}],"collection":[{"href":"http:\/\/www.amaplaneteblanquefort.fr\/wordpress\/wp-json\/wp\/v2\/posts"}],"about":[{"href":"http:\/\/www.amaplaneteblanquefort.fr\/wordpress\/wp-json\/wp\/v2\/types\/post"}],"author":[{"embeddable":true,"href":"http:\/\/www.amaplaneteblanquefort.fr\/wordpress\/wp-json\/wp\/v2\/users\/1"}],"replies":[{"embeddable":true,"href":"http:\/\/www.amaplaneteblanquefort.fr\/wordpress\/wp-json\/wp\/v2\/comments?post=2272"}],"version-history":[{"count":7,"href":"http:\/\/www.amaplaneteblanquefort.fr\/wordpress\/wp-json\/wp\/v2\/posts\/2272\/revisions"}],"predecessor-version":[{"id":2338,"href":"http:\/\/www.amaplaneteblanquefort.fr\/wordpress\/wp-json\/wp\/v2\/posts\/2272\/revisions\/2338"}],"wp:attachment":[{"href":"http:\/\/www.amaplaneteblanquefort.fr\/wordpress\/wp-json\/wp\/v2\/media?parent=2272"}],"wp:term":[{"taxonomy":"category","embeddable":true,"href":"http:\/\/www.amaplaneteblanquefort.fr\/wordpress\/wp-json\/wp\/v2\/categories?post=2272"},{"taxonomy":"post_tag","embeddable":true,"href":"http:\/\/www.amaplaneteblanquefort.fr\/wordpress\/wp-json\/wp\/v2\/tags?post=2272"}],"curies":[{"name":"wp","href":"https:\/\/api.w.org\/{rel}","templated":true}]}}