{"id":2256,"date":"2013-09-25T08:11:21","date_gmt":"2013-09-25T06:11:21","guid":{"rendered":"http:\/\/www.amaplaneteblanquefort.fr\/wordpress\/?p=2256"},"modified":"2013-09-30T13:54:54","modified_gmt":"2013-09-30T11:54:54","slug":"vendredi-11-octobre-une-soiree-avec-vos-producteurs-et-coordinateurs","status":"publish","type":"post","link":"http:\/\/www.amaplaneteblanquefort.fr\/wordpress\/2013\/09\/25\/vendredi-11-octobre-une-soiree-avec-vos-producteurs-et-coordinateurs\/","title":{"rendered":"Vendredi 11 octobre, une soir\u00e9e avec vos producteurs et coordinateurs"},"content":{"rendered":"<p><strong><a href=\"http:\/\/www.amaplaneteblanquefort.fr\/wordpress\/wp-content\/uploads\/2013\/09\/images1.jpg\"><img loading=\"lazy\" decoding=\"async\" class=\"alignleft size-thumbnail wp-image-2264\" alt=\"images\" src=\"http:\/\/www.amaplaneteblanquefort.fr\/wordpress\/wp-content\/uploads\/2013\/09\/images1-150x150.jpg\" width=\"150\" height=\"150\" \/><\/a>\u00a0\u00a0\u00a0\u00a0\u00a0\u00a0 jeudi 3 octobre, encore une possibilit\u00e9 pour<br \/>\n<\/strong><\/p>\n<p><strong>\u00a0\u00a0 les inscriptions\u00a0\u00a0 \u00e0 la soir\u00e9e organis\u00e9e en l&rsquo;honneur de nos producteurs.<\/strong><\/p>\n<p>Nous nous retrouverons dans la salle polyvalente de Fongravey \u00e0 19h30.<\/p>\n<p>la soir\u00e9e sera entrecoup\u00e9e d&rsquo;animations, dans la convivialit\u00e9 et surtout la bonne humeur.<\/p>\n<p>Venez nombreux en famille, avec vos amis<\/p>\n<p><a href=\"http:\/\/www.amaplaneteblanquefort.fr\/wordpress\/wp-content\/uploads\/2013\/09\/Menu.pdf\">\u00a0Menu\u00a0<\/a> (\u00e0 consulter)\u00a0\u00a0\u00a0 et\u00a0\u00a0\u00a0\u00a0 <a href=\"http:\/\/www.amaplaneteblanquefort.fr\/wordpress\/wp-content\/uploads\/2013\/09\/inscription.pdf\">inscription , bulletin \u00e0 imprimer<br \/>\n<\/a><br \/>\n<strong>\u00a0<\/strong><\/p>\n<p>&nbsp;<\/p>\n","protected":false},"excerpt":{"rendered":"<p>\u00a0\u00a0\u00a0\u00a0\u00a0\u00a0 jeudi 3 octobre, encore une possibilit\u00e9 pour \u00a0\u00a0 les inscriptions\u00a0\u00a0 \u00e0 la soir\u00e9e organis\u00e9e en l&rsquo;honneur de nos producteurs. Nous nous retrouverons dans la salle polyvalente de Fongravey \u00e0 19h30. la soir\u00e9e sera entrecoup\u00e9e d&rsquo;animations, dans la convivialit\u00e9 et surtout la bonne humeur. Venez nombreux en famille, avec vos amis \u00a0Menu\u00a0 (\u00e0 consulter)\u00a0\u00a0\u00a0 et\u00a0\u00a0\u00a0\u00a0 &hellip; <a href=\"http:\/\/www.amaplaneteblanquefort.fr\/wordpress\/2013\/09\/25\/vendredi-11-octobre-une-soiree-avec-vos-producteurs-et-coordinateurs\/\" class=\"more-link\">Continuer la lecture de <span class=\"screen-reader-text\">Vendredi 11 octobre, une soir\u00e9e avec vos producteurs et coordinateurs<\/span> <span class=\"meta-nav\">&rarr;<\/span><\/a><\/p>\n","protected":false},"author":1,"featured_media":0,"comment_status":"open","ping_status":"open","sticky":false,"template":"","format":"standard","meta":{"footnotes":""},"categories":[30],"tags":[],"class_list":["post-2256","post","type-post","status-publish","format-standard","hentry","category-les-festivites"],"_links":{"self":[{"href":"http:\/\/www.amaplaneteblanquefort.fr\/wordpress\/wp-json\/wp\/v2\/posts\/2256","targetHints":{"allow":["GET"]}}],"collection":[{"href":"http:\/\/www.amaplaneteblanquefort.fr\/wordpress\/wp-json\/wp\/v2\/posts"}],"about":[{"href":"http:\/\/www.amaplaneteblanquefort.fr\/wordpress\/wp-json\/wp\/v2\/types\/post"}],"author":[{"embeddable":true,"href":"http:\/\/www.amaplaneteblanquefort.fr\/wordpress\/wp-json\/wp\/v2\/users\/1"}],"replies":[{"embeddable":true,"href":"http:\/\/www.amaplaneteblanquefort.fr\/wordpress\/wp-json\/wp\/v2\/comments?post=2256"}],"version-history":[{"count":15,"href":"http:\/\/www.amaplaneteblanquefort.fr\/wordpress\/wp-json\/wp\/v2\/posts\/2256\/revisions"}],"predecessor-version":[{"id":2423,"href":"http:\/\/www.amaplaneteblanquefort.fr\/wordpress\/wp-json\/wp\/v2\/posts\/2256\/revisions\/2423"}],"wp:attachment":[{"href":"http:\/\/www.amaplaneteblanquefort.fr\/wordpress\/wp-json\/wp\/v2\/media?parent=2256"}],"wp:term":[{"taxonomy":"category","embeddable":true,"href":"http:\/\/www.amaplaneteblanquefort.fr\/wordpress\/wp-json\/wp\/v2\/categories?post=2256"},{"taxonomy":"post_tag","embeddable":true,"href":"http:\/\/www.amaplaneteblanquefort.fr\/wordpress\/wp-json\/wp\/v2\/tags?post=2256"}],"curies":[{"name":"wp","href":"https:\/\/api.w.org\/{rel}","templated":true}]}}