{"id":2165,"date":"2013-06-24T11:58:41","date_gmt":"2013-06-24T09:58:41","guid":{"rendered":"http:\/\/www.amaplaneteblanquefort.fr\/wordpress\/?p=2165"},"modified":"2013-06-24T11:58:41","modified_gmt":"2013-06-24T09:58:41","slug":"livraison-miel-jeudi-27-juin","status":"publish","type":"post","link":"http:\/\/www.amaplaneteblanquefort.fr\/wordpress\/2013\/06\/24\/livraison-miel-jeudi-27-juin\/","title":{"rendered":"Livraison miel jeudi 27 juin"},"content":{"rendered":"<p><a href=\"http:\/\/www.amaplaneteblanquefort.fr\/wordpress\/wp-content\/uploads\/2013\/04\/P1220977.jpg\">\u00a0<img loading=\"lazy\" decoding=\"async\" class=\"alignleft size-medium wp-image-1912\" alt=\"P1220977\" src=\"http:\/\/www.amaplaneteblanquefort.fr\/wordpress\/wp-content\/uploads\/2013\/04\/P1220977-199x300.jpg\" width=\"199\" height=\"300\" srcset=\"http:\/\/www.amaplaneteblanquefort.fr\/wordpress\/wp-content\/uploads\/2013\/04\/P1220977-199x300.jpg 199w, http:\/\/www.amaplaneteblanquefort.fr\/wordpress\/wp-content\/uploads\/2013\/04\/P1220977.jpg 533w\" sizes=\"auto, (max-width: 199px) 100vw, 199px\" \/><\/a><\/p>\n<p><strong>\u00a0\u00a0 N&rsquo;oubliez pas :\u00a0 jeudi 27 juin,\u00a0 aux horaires habituels,<\/strong><\/p>\n<p><strong>\u00a0\u00a0 venez chercher votre commande\u00a0 de miel.<\/strong><\/p>\n<p><span style=\"color: #ff6600;\">\u00a0\u00a0 C&rsquo;est la derni\u00e8re livraison pour la p\u00e9riode,\u00a0 bient\u00f4t en ligne le\u00a0 nouveau contrat \u00e0 souscrire<\/span><\/p>\n<p><span style=\"color: #ff6600;\">\u00a0\u00a0 ainsi que les dates pr\u00e9vues pour\u00a0 la r\u00e9ception des documents.<\/span><\/p>\n<p>Fran\u00e7oise Purrey, productrice, Sabine et Jo\u00eblle, vos coordinatrices.<\/p>\n<p>&nbsp;<\/p>\n","protected":false},"excerpt":{"rendered":"<p>\u00a0 \u00a0\u00a0 N&rsquo;oubliez pas :\u00a0 jeudi 27 juin,\u00a0 aux horaires habituels, \u00a0\u00a0 venez chercher votre commande\u00a0 de miel. \u00a0\u00a0 C&rsquo;est la derni\u00e8re livraison pour la p\u00e9riode,\u00a0 bient\u00f4t en ligne le\u00a0 nouveau contrat \u00e0 souscrire \u00a0\u00a0 ainsi que les dates pr\u00e9vues pour\u00a0 la r\u00e9ception des documents. Fran\u00e7oise Purrey, productrice, Sabine et Jo\u00eblle, vos coordinatrices. &nbsp;<\/p>\n","protected":false},"author":1,"featured_media":0,"comment_status":"open","ping_status":"open","sticky":false,"template":"","format":"standard","meta":{"footnotes":""},"categories":[24],"tags":[],"class_list":["post-2165","post","type-post","status-publish","format-standard","hentry","category-12-miel"],"_links":{"self":[{"href":"http:\/\/www.amaplaneteblanquefort.fr\/wordpress\/wp-json\/wp\/v2\/posts\/2165","targetHints":{"allow":["GET"]}}],"collection":[{"href":"http:\/\/www.amaplaneteblanquefort.fr\/wordpress\/wp-json\/wp\/v2\/posts"}],"about":[{"href":"http:\/\/www.amaplaneteblanquefort.fr\/wordpress\/wp-json\/wp\/v2\/types\/post"}],"author":[{"embeddable":true,"href":"http:\/\/www.amaplaneteblanquefort.fr\/wordpress\/wp-json\/wp\/v2\/users\/1"}],"replies":[{"embeddable":true,"href":"http:\/\/www.amaplaneteblanquefort.fr\/wordpress\/wp-json\/wp\/v2\/comments?post=2165"}],"version-history":[{"count":7,"href":"http:\/\/www.amaplaneteblanquefort.fr\/wordpress\/wp-json\/wp\/v2\/posts\/2165\/revisions"}],"predecessor-version":[{"id":2173,"href":"http:\/\/www.amaplaneteblanquefort.fr\/wordpress\/wp-json\/wp\/v2\/posts\/2165\/revisions\/2173"}],"wp:attachment":[{"href":"http:\/\/www.amaplaneteblanquefort.fr\/wordpress\/wp-json\/wp\/v2\/media?parent=2165"}],"wp:term":[{"taxonomy":"category","embeddable":true,"href":"http:\/\/www.amaplaneteblanquefort.fr\/wordpress\/wp-json\/wp\/v2\/categories?post=2165"},{"taxonomy":"post_tag","embeddable":true,"href":"http:\/\/www.amaplaneteblanquefort.fr\/wordpress\/wp-json\/wp\/v2\/tags?post=2165"}],"curies":[{"name":"wp","href":"https:\/\/api.w.org\/{rel}","templated":true}]}}