{"id":2128,"date":"2013-06-24T11:51:44","date_gmt":"2013-06-24T09:51:44","guid":{"rendered":"http:\/\/www.amaplaneteblanquefort.fr\/wordpress\/?p=2128"},"modified":"2013-06-26T14:07:49","modified_gmt":"2013-06-26T12:07:49","slug":"2128","status":"publish","type":"post","link":"http:\/\/www.amaplaneteblanquefort.fr\/wordpress\/2013\/06\/24\/2128\/","title":{"rendered":"Journ\u00e9e \u00e0 la ferme du Paillot"},"content":{"rendered":"<p>bonjour<br \/>\nEn raison de la m\u00e9t\u00e9o ,les foins ont \u00e9t\u00e9 retard\u00e9s .En cons\u00e9quence M Mme Sancier annulent la journ\u00e9e \u00e0 la ferme ,ils sont en plein travail<br \/>\nMais cette journ\u00e9e se fera plus tard dans la saison (sans doute septembre ) ; nous vous tiendrons au courant<br \/>\nLes coordinateurs<\/p>\n","protected":false},"excerpt":{"rendered":"<p>bonjour En raison de la m\u00e9t\u00e9o ,les foins ont \u00e9t\u00e9 retard\u00e9s .En cons\u00e9quence M Mme Sancier annulent la journ\u00e9e \u00e0 la ferme ,ils sont en plein travail Mais cette journ\u00e9e se fera plus tard dans la saison (sans doute septembre ) ; nous vous tiendrons au courant Les coordinateurs<\/p>\n","protected":false},"author":17,"featured_media":0,"comment_status":"open","ping_status":"open","sticky":false,"template":"","format":"standard","meta":{"footnotes":""},"categories":[8],"tags":[],"class_list":["post-2128","post","type-post","status-publish","format-standard","hentry","category-04-agneau"],"_links":{"self":[{"href":"http:\/\/www.amaplaneteblanquefort.fr\/wordpress\/wp-json\/wp\/v2\/posts\/2128","targetHints":{"allow":["GET"]}}],"collection":[{"href":"http:\/\/www.amaplaneteblanquefort.fr\/wordpress\/wp-json\/wp\/v2\/posts"}],"about":[{"href":"http:\/\/www.amaplaneteblanquefort.fr\/wordpress\/wp-json\/wp\/v2\/types\/post"}],"author":[{"embeddable":true,"href":"http:\/\/www.amaplaneteblanquefort.fr\/wordpress\/wp-json\/wp\/v2\/users\/17"}],"replies":[{"embeddable":true,"href":"http:\/\/www.amaplaneteblanquefort.fr\/wordpress\/wp-json\/wp\/v2\/comments?post=2128"}],"version-history":[{"count":1,"href":"http:\/\/www.amaplaneteblanquefort.fr\/wordpress\/wp-json\/wp\/v2\/posts\/2128\/revisions"}],"predecessor-version":[{"id":2175,"href":"http:\/\/www.amaplaneteblanquefort.fr\/wordpress\/wp-json\/wp\/v2\/posts\/2128\/revisions\/2175"}],"wp:attachment":[{"href":"http:\/\/www.amaplaneteblanquefort.fr\/wordpress\/wp-json\/wp\/v2\/media?parent=2128"}],"wp:term":[{"taxonomy":"category","embeddable":true,"href":"http:\/\/www.amaplaneteblanquefort.fr\/wordpress\/wp-json\/wp\/v2\/categories?post=2128"},{"taxonomy":"post_tag","embeddable":true,"href":"http:\/\/www.amaplaneteblanquefort.fr\/wordpress\/wp-json\/wp\/v2\/tags?post=2128"}],"curies":[{"name":"wp","href":"https:\/\/api.w.org\/{rel}","templated":true}]}}