{"id":2127,"date":"2013-06-18T09:10:56","date_gmt":"2013-06-18T07:10:56","guid":{"rendered":"http:\/\/www.amaplaneteblanquefort.fr\/wordpress\/?p=2127"},"modified":"2013-09-13T11:48:04","modified_gmt":"2013-09-13T09:48:04","slug":"message-des-bergers","status":"publish","type":"post","link":"http:\/\/www.amaplaneteblanquefort.fr\/wordpress\/2013\/06\/18\/message-des-bergers\/","title":{"rendered":"message des bergers"},"content":{"rendered":"<p>Bonjour \u00e0 tous,<\/p>\n<p>Il y a quelques semaines, je vous ai fait parvenir l&rsquo;annonce d&rsquo;une journ\u00e9e \u00e0 la ferme. En cette p\u00e9riode de fin d&rsquo;ann\u00e9e scolaire, j&rsquo;imagine que tout le monde \u00e0 un emploi du temps tr\u00e8s charg\u00e9 entre les kermesses, les comp\u00e9titions et la pr\u00e9paration des vacances&#8230; A ce jour, je n&rsquo;ai que deux r\u00e9servations pour la journ\u00e9e alors je pense reporter cette journ\u00e9e au mois de septembre. J&rsquo;attends jusqu&rsquo;\u00e0 samedi prochain, soit le 22, pour prendre ma d\u00e9cision et si nous devons annuler, ce n&rsquo;est pas grave, ce ne sera que partie remise.<\/p>\n","protected":false},"excerpt":{"rendered":"<p>Bonjour \u00e0 tous, Il y a quelques semaines, je vous ai fait parvenir l&rsquo;annonce d&rsquo;une journ\u00e9e \u00e0 la ferme. En cette p\u00e9riode de fin d&rsquo;ann\u00e9e scolaire, j&rsquo;imagine que tout le monde \u00e0 un emploi du temps tr\u00e8s charg\u00e9 entre les kermesses, les comp\u00e9titions et la pr\u00e9paration des vacances&#8230; A ce jour, je n&rsquo;ai que deux &hellip; <a href=\"http:\/\/www.amaplaneteblanquefort.fr\/wordpress\/2013\/06\/18\/message-des-bergers\/\" class=\"more-link\">Continuer la lecture de <span class=\"screen-reader-text\">message des bergers<\/span> <span class=\"meta-nav\">&rarr;<\/span><\/a><\/p>\n","protected":false},"author":17,"featured_media":0,"comment_status":"open","ping_status":"open","sticky":false,"template":"","format":"standard","meta":{"footnotes":""},"categories":[8],"tags":[],"class_list":["post-2127","post","type-post","status-publish","format-standard","hentry","category-04-agneau"],"_links":{"self":[{"href":"http:\/\/www.amaplaneteblanquefort.fr\/wordpress\/wp-json\/wp\/v2\/posts\/2127","targetHints":{"allow":["GET"]}}],"collection":[{"href":"http:\/\/www.amaplaneteblanquefort.fr\/wordpress\/wp-json\/wp\/v2\/posts"}],"about":[{"href":"http:\/\/www.amaplaneteblanquefort.fr\/wordpress\/wp-json\/wp\/v2\/types\/post"}],"author":[{"embeddable":true,"href":"http:\/\/www.amaplaneteblanquefort.fr\/wordpress\/wp-json\/wp\/v2\/users\/17"}],"replies":[{"embeddable":true,"href":"http:\/\/www.amaplaneteblanquefort.fr\/wordpress\/wp-json\/wp\/v2\/comments?post=2127"}],"version-history":[{"count":1,"href":"http:\/\/www.amaplaneteblanquefort.fr\/wordpress\/wp-json\/wp\/v2\/posts\/2127\/revisions"}],"predecessor-version":[{"id":2337,"href":"http:\/\/www.amaplaneteblanquefort.fr\/wordpress\/wp-json\/wp\/v2\/posts\/2127\/revisions\/2337"}],"wp:attachment":[{"href":"http:\/\/www.amaplaneteblanquefort.fr\/wordpress\/wp-json\/wp\/v2\/media?parent=2127"}],"wp:term":[{"taxonomy":"category","embeddable":true,"href":"http:\/\/www.amaplaneteblanquefort.fr\/wordpress\/wp-json\/wp\/v2\/categories?post=2127"},{"taxonomy":"post_tag","embeddable":true,"href":"http:\/\/www.amaplaneteblanquefort.fr\/wordpress\/wp-json\/wp\/v2\/tags?post=2127"}],"curies":[{"name":"wp","href":"https:\/\/api.w.org\/{rel}","templated":true}]}}