{"id":2013,"date":"2013-06-04T12:10:33","date_gmt":"2013-06-04T10:10:33","guid":{"rendered":"http:\/\/www.amaplaneteblanquefort.fr\/wordpress\/?p=2013"},"modified":"2013-06-09T22:07:37","modified_gmt":"2013-06-09T20:07:37","slug":"2-journees-chez-les-bergers","status":"publish","type":"post","link":"http:\/\/www.amaplaneteblanquefort.fr\/wordpress\/2013\/06\/04\/2-journees-chez-les-bergers\/","title":{"rendered":"2 journ\u00e9es chez les bergers"},"content":{"rendered":"<p><strong>La ferme du Paillot organise une journ\u00e9e de d\u00e9couverte de la ferme et de ses travaux le 29 06 2013 et un stage d&rsquo;initiation et de d\u00e9couverte du feutrage\u00a0 de la laine le 2 juin.<\/strong><\/p>\n<p><strong>Tous les renseignements concernant ces 2 journ\u00e9es sont pr\u00e9cis\u00e9s dans les liens suivants<\/strong><\/p>\n<p>&nbsp;<\/p>\n<p><a href=\"http:\/\/www.amaplaneteblanquefort.fr\/wordpress\/wp-content\/uploads\/2013\/05\/affichette-stage-feutrage.doc\">affichette stage feutrage<\/a> <a href=\"http:\/\/www.amaplaneteblanquefort.fr\/wordpress\/wp-content\/uploads\/2013\/05\/journ\u00e9e-2962013.doc\">_journ\u00e9e-2962013<\/a><\/p>\n<p>&nbsp;<\/p>\n","protected":false},"excerpt":{"rendered":"<p>La ferme du Paillot organise une journ\u00e9e de d\u00e9couverte de la ferme et de ses travaux le 29 06 2013 et un stage d&rsquo;initiation et de d\u00e9couverte du feutrage\u00a0 de la laine le 2 juin. Tous les renseignements concernant ces 2 journ\u00e9es sont pr\u00e9cis\u00e9s dans les liens suivants &nbsp; affichette stage feutrage _journ\u00e9e-2962013 &nbsp;<\/p>\n","protected":false},"author":17,"featured_media":0,"comment_status":"open","ping_status":"open","sticky":false,"template":"","format":"standard","meta":{"footnotes":""},"categories":[8],"tags":[],"class_list":["post-2013","post","type-post","status-publish","format-standard","hentry","category-04-agneau"],"_links":{"self":[{"href":"http:\/\/www.amaplaneteblanquefort.fr\/wordpress\/wp-json\/wp\/v2\/posts\/2013","targetHints":{"allow":["GET"]}}],"collection":[{"href":"http:\/\/www.amaplaneteblanquefort.fr\/wordpress\/wp-json\/wp\/v2\/posts"}],"about":[{"href":"http:\/\/www.amaplaneteblanquefort.fr\/wordpress\/wp-json\/wp\/v2\/types\/post"}],"author":[{"embeddable":true,"href":"http:\/\/www.amaplaneteblanquefort.fr\/wordpress\/wp-json\/wp\/v2\/users\/17"}],"replies":[{"embeddable":true,"href":"http:\/\/www.amaplaneteblanquefort.fr\/wordpress\/wp-json\/wp\/v2\/comments?post=2013"}],"version-history":[{"count":6,"href":"http:\/\/www.amaplaneteblanquefort.fr\/wordpress\/wp-json\/wp\/v2\/posts\/2013\/revisions"}],"predecessor-version":[{"id":2115,"href":"http:\/\/www.amaplaneteblanquefort.fr\/wordpress\/wp-json\/wp\/v2\/posts\/2013\/revisions\/2115"}],"wp:attachment":[{"href":"http:\/\/www.amaplaneteblanquefort.fr\/wordpress\/wp-json\/wp\/v2\/media?parent=2013"}],"wp:term":[{"taxonomy":"category","embeddable":true,"href":"http:\/\/www.amaplaneteblanquefort.fr\/wordpress\/wp-json\/wp\/v2\/categories?post=2013"},{"taxonomy":"post_tag","embeddable":true,"href":"http:\/\/www.amaplaneteblanquefort.fr\/wordpress\/wp-json\/wp\/v2\/tags?post=2013"}],"curies":[{"name":"wp","href":"https:\/\/api.w.org\/{rel}","templated":true}]}}