{"id":1617,"date":"2013-03-11T17:51:22","date_gmt":"2013-03-11T16:51:22","guid":{"rendered":"http:\/\/www.amaplaneteblanquefort.fr\/wordpress\/?p=1617"},"modified":"2013-03-15T16:33:17","modified_gmt":"2013-03-15T15:33:17","slug":"contrat-agneau-2013","status":"publish","type":"post","link":"http:\/\/www.amaplaneteblanquefort.fr\/wordpress\/2013\/03\/11\/contrat-agneau-2013\/","title":{"rendered":"contrat agneau 2013"},"content":{"rendered":"<p>Les jeudis 14 et 21 mars 2013 prise de contrats\u00a0 agneau. Comme tous les ans deux types de contrats vous sont propos\u00e9s<\/p>\n<p>1 contrat annualis\u00e9 de 4 livraisons (mars ,juin, septembre et d\u00e9cembre 2013) d&rsquo;1\/4 d&rsquo;agneau\u00a0 <a href=\"http:\/\/www.amaplaneteblanquefort.fr\/wordpress\/wp-content\/uploads\/2013\/03\/contrat-2013-LOGO.docx\">contrat 1\/22013\u00a0<\/a><\/p>\n<p>1 contrat \u00e0 la commande d&rsquo;un demi agneau <a href=\"http:\/\/www.amaplaneteblanquefort.fr\/wordpress\/wp-content\/uploads\/2013\/03\/contrat-quart2013.doc\">contrat quart2013<\/a><\/p>\n","protected":false},"excerpt":{"rendered":"<p>Les jeudis 14 et 21 mars 2013 prise de contrats\u00a0 agneau. Comme tous les ans deux types de contrats vous sont propos\u00e9s 1 contrat annualis\u00e9 de 4 livraisons (mars ,juin, septembre et d\u00e9cembre 2013) d&rsquo;1\/4 d&rsquo;agneau\u00a0 contrat 1\/22013\u00a0 1 contrat \u00e0 la commande d&rsquo;un demi agneau contrat quart2013<\/p>\n","protected":false},"author":17,"featured_media":0,"comment_status":"open","ping_status":"open","sticky":false,"template":"","format":"standard","meta":{"footnotes":""},"categories":[8],"tags":[],"class_list":["post-1617","post","type-post","status-publish","format-standard","hentry","category-04-agneau"],"_links":{"self":[{"href":"http:\/\/www.amaplaneteblanquefort.fr\/wordpress\/wp-json\/wp\/v2\/posts\/1617","targetHints":{"allow":["GET"]}}],"collection":[{"href":"http:\/\/www.amaplaneteblanquefort.fr\/wordpress\/wp-json\/wp\/v2\/posts"}],"about":[{"href":"http:\/\/www.amaplaneteblanquefort.fr\/wordpress\/wp-json\/wp\/v2\/types\/post"}],"author":[{"embeddable":true,"href":"http:\/\/www.amaplaneteblanquefort.fr\/wordpress\/wp-json\/wp\/v2\/users\/17"}],"replies":[{"embeddable":true,"href":"http:\/\/www.amaplaneteblanquefort.fr\/wordpress\/wp-json\/wp\/v2\/comments?post=1617"}],"version-history":[{"count":4,"href":"http:\/\/www.amaplaneteblanquefort.fr\/wordpress\/wp-json\/wp\/v2\/posts\/1617\/revisions"}],"predecessor-version":[{"id":1639,"href":"http:\/\/www.amaplaneteblanquefort.fr\/wordpress\/wp-json\/wp\/v2\/posts\/1617\/revisions\/1639"}],"wp:attachment":[{"href":"http:\/\/www.amaplaneteblanquefort.fr\/wordpress\/wp-json\/wp\/v2\/media?parent=1617"}],"wp:term":[{"taxonomy":"category","embeddable":true,"href":"http:\/\/www.amaplaneteblanquefort.fr\/wordpress\/wp-json\/wp\/v2\/categories?post=1617"},{"taxonomy":"post_tag","embeddable":true,"href":"http:\/\/www.amaplaneteblanquefort.fr\/wordpress\/wp-json\/wp\/v2\/tags?post=1617"}],"curies":[{"name":"wp","href":"https:\/\/api.w.org\/{rel}","templated":true}]}}