{"id":1533,"date":"2013-03-04T12:21:47","date_gmt":"2013-03-04T11:21:47","guid":{"rendered":"http:\/\/www.amaplaneteblanquefort.fr\/wordpress\/?p=1533"},"modified":"2013-03-04T12:25:30","modified_gmt":"2013-03-04T11:25:30","slug":"visite-de-lassociation-action-anti-frelons-asiatiques","status":"publish","type":"post","link":"http:\/\/www.amaplaneteblanquefort.fr\/wordpress\/2013\/03\/04\/visite-de-lassociation-action-anti-frelons-asiatiques\/","title":{"rendered":"Visite de l&rsquo;Association Action Anti Frelons Asiatiques"},"content":{"rendered":"<p>Le jeudi 28 f\u00e9vrier dernier, \u00e0 l&rsquo;initiative de la coordination g\u00e9n\u00e9rale, Monsieur Jacques VAILLANT, de l&rsquo;Association Action Anti Frelon Asiatique, a install\u00e9 son mat\u00e9riel de pr\u00e9sentation, pendant la distribution.<\/p>\n<p><a href=\"http:\/\/www.amaplaneteblanquefort.fr\/wordpress\/wp-content\/uploads\/2013\/03\/P1240324_1.jpg\"><img loading=\"lazy\" decoding=\"async\" class=\"alignright size-medium wp-image-1534\" alt=\"P1240324_1\" src=\"http:\/\/www.amaplaneteblanquefort.fr\/wordpress\/wp-content\/uploads\/2013\/03\/P1240324_1-225x300.jpg\" width=\"225\" height=\"300\" srcset=\"http:\/\/www.amaplaneteblanquefort.fr\/wordpress\/wp-content\/uploads\/2013\/03\/P1240324_1-225x300.jpg 225w, http:\/\/www.amaplaneteblanquefort.fr\/wordpress\/wp-content\/uploads\/2013\/03\/P1240324_1.jpg 600w\" sizes=\"auto, (max-width: 225px) 100vw, 225px\" \/><\/a><\/p>\n<p>Cette association, dont le si\u00e8ge est au HAILLAN, est \u00e0 la disposition des citoyens qui souhaitent lutter contre le fl\u00e9au que sont devenus les frelons asiatiques. Ces personnes\u00a0 r\u00e9pondent aux appels des personnes qui ont rep\u00e9r\u00e9 des nids et interviennent pour les d\u00e9truire, allant parfois jusqu&rsquo;\u00e0 louer une nacelle. En 2012, ils ont \u00e9t\u00e9 sollicit\u00e9s plus de 200 fois et ont d\u00e9truit plus de 150 nids.<\/p>\n<p>Ils font fabriquer des pi\u00e8ges s\u00e9lectifs \u00e0 un CAT qu&rsquo;ils r\u00e9mun\u00e8rent et les distribuent en revanche gratuitement. C&rsquo;est ce qu&rsquo;ils ont fait jeudi dernier, aupr\u00e8s d&rsquo;une bonne quarantaine de personnes qui ont \u00e9cout\u00e9 les conseils donn\u00e9s avec un grand int\u00e9r\u00eat.<\/p>\n<p><a href=\"http:\/\/www.amaplaneteblanquefort.fr\/wordpress\/wp-content\/uploads\/2013\/03\/P1240322_1.jpg\"><img loading=\"lazy\" decoding=\"async\" class=\"alignright size-medium wp-image-1536\" alt=\"P1240322_1\" src=\"http:\/\/www.amaplaneteblanquefort.fr\/wordpress\/wp-content\/uploads\/2013\/03\/P1240322_1-225x300.jpg\" width=\"225\" height=\"300\" srcset=\"http:\/\/www.amaplaneteblanquefort.fr\/wordpress\/wp-content\/uploads\/2013\/03\/P1240322_1-225x300.jpg 225w, http:\/\/www.amaplaneteblanquefort.fr\/wordpress\/wp-content\/uploads\/2013\/03\/P1240322_1.jpg 600w\" sizes=\"auto, (max-width: 225px) 100vw, 225px\" \/><\/a><\/p>\n<p>Si vous n&rsquo;avez pas b\u00e9n\u00e9fici\u00e9 de cette opportunit\u00e9 et si vous \u00eates int\u00e9ress\u00e9s, vous pouvez, soit prendre contact avec cette association, soit vous signaler aupr\u00e8s d&rsquo;un des 3 coordinateurs g\u00e9n\u00e9raux (Jo\u00eblle, Dominique ou Fran\u00e7ois) qui s&rsquo;organiseront pour faire une nouvelle distribution. Mais il est urgent d&rsquo;agir ! Les pi\u00e8ges doivent \u00eatre install\u00e9s d\u00e8s \u00e0 pr\u00e9sent (\u00e0 partir du 15 f\u00e9vrier) et jusqu&rsquo;aux environs de la premi\u00e8re quinzaine de mai.<\/p>\n<p>A.A.A.F.A., 7 rue de Bos, 33185 LE HAILLAN<\/p>\n<p>courriel : aaafa33@gmail.com<\/p>\n<p>http:\/\/anti-frelon-d-asie-jpv33.over-blog.com<\/p>\n<p>&nbsp;<\/p>\n","protected":false},"excerpt":{"rendered":"<p>Le jeudi 28 f\u00e9vrier dernier, \u00e0 l&rsquo;initiative de la coordination g\u00e9n\u00e9rale, Monsieur Jacques VAILLANT, de l&rsquo;Association Action Anti Frelon Asiatique, a install\u00e9 son mat\u00e9riel de pr\u00e9sentation, pendant la distribution. Cette association, dont le si\u00e8ge est au HAILLAN, est \u00e0 la disposition des citoyens qui souhaitent lutter contre le fl\u00e9au que sont devenus les frelons asiatiques. &hellip; <a href=\"http:\/\/www.amaplaneteblanquefort.fr\/wordpress\/2013\/03\/04\/visite-de-lassociation-action-anti-frelons-asiatiques\/\" class=\"more-link\">Continuer la lecture de <span class=\"screen-reader-text\">Visite de l&rsquo;Association Action Anti Frelons Asiatiques<\/span> <span class=\"meta-nav\">&rarr;<\/span><\/a><\/p>\n","protected":false},"author":1,"featured_media":0,"comment_status":"open","ping_status":"open","sticky":false,"template":"","format":"standard","meta":{"footnotes":""},"categories":[26],"tags":[],"class_list":["post-1533","post","type-post","status-publish","format-standard","hentry","category-14-plantes-aromatiques"],"_links":{"self":[{"href":"http:\/\/www.amaplaneteblanquefort.fr\/wordpress\/wp-json\/wp\/v2\/posts\/1533","targetHints":{"allow":["GET"]}}],"collection":[{"href":"http:\/\/www.amaplaneteblanquefort.fr\/wordpress\/wp-json\/wp\/v2\/posts"}],"about":[{"href":"http:\/\/www.amaplaneteblanquefort.fr\/wordpress\/wp-json\/wp\/v2\/types\/post"}],"author":[{"embeddable":true,"href":"http:\/\/www.amaplaneteblanquefort.fr\/wordpress\/wp-json\/wp\/v2\/users\/1"}],"replies":[{"embeddable":true,"href":"http:\/\/www.amaplaneteblanquefort.fr\/wordpress\/wp-json\/wp\/v2\/comments?post=1533"}],"version-history":[{"count":3,"href":"http:\/\/www.amaplaneteblanquefort.fr\/wordpress\/wp-json\/wp\/v2\/posts\/1533\/revisions"}],"predecessor-version":[{"id":1538,"href":"http:\/\/www.amaplaneteblanquefort.fr\/wordpress\/wp-json\/wp\/v2\/posts\/1533\/revisions\/1538"}],"wp:attachment":[{"href":"http:\/\/www.amaplaneteblanquefort.fr\/wordpress\/wp-json\/wp\/v2\/media?parent=1533"}],"wp:term":[{"taxonomy":"category","embeddable":true,"href":"http:\/\/www.amaplaneteblanquefort.fr\/wordpress\/wp-json\/wp\/v2\/categories?post=1533"},{"taxonomy":"post_tag","embeddable":true,"href":"http:\/\/www.amaplaneteblanquefort.fr\/wordpress\/wp-json\/wp\/v2\/tags?post=1533"}],"curies":[{"name":"wp","href":"https:\/\/api.w.org\/{rel}","templated":true}]}}