{"id":1493,"date":"2013-02-07T17:52:50","date_gmt":"2013-02-07T16:52:50","guid":{"rendered":"http:\/\/www.amaplaneteblanquefort.fr\/wordpress\/?p=1493"},"modified":"2013-02-08T17:37:37","modified_gmt":"2013-02-08T16:37:37","slug":"un-nouveau-contrat-plantes-aromatiques","status":"publish","type":"post","link":"http:\/\/www.amaplaneteblanquefort.fr\/wordpress\/2013\/02\/07\/un-nouveau-contrat-plantes-aromatiques\/","title":{"rendered":"Un nouveau contrat Plantes Aromatiques !"},"content":{"rendered":"<p>Le <strong>jeudi 14 et le jeudi 28 f\u00e9vrier<\/strong> 2013, vous pourrez signer un nouveau contrat de plantes aromatiques, tisanes et jeunes plants en pot, propos\u00e9 par notre cultivateur de saveurs, Beno\u00eet DIMA.<\/p>\n<p>Vous trouverez ci-apr\u00e8s, en cliquant sur les liens correspondants :<\/p>\n<p>la page du contrat comportant votre re\u00e7u, appel\u00e9e <a href=\"http:\/\/www.amaplaneteblanquefort.fr\/wordpress\/wp-content\/uploads\/2013\/02\/CntPLANTESetTISANESdoc1.pdf\">CntPLANTESetTISANESdoc1<\/a><\/p>\n<p>et le document 2, <a href=\"http:\/\/www.amaplaneteblanquefort.fr\/wordpress\/wp-content\/uploads\/2013\/02\/CntPLANTESetTISANESdoc2.pdf\">CntPLANTESetTISANESdoc2<\/a>, constitu\u00e9 du \u00ab\u00a0catalogue\u00a0\u00bb des produits propos\u00e9s, sur 4 pages.<\/p>\n<p>Merci de les imprimer et de les compl\u00e9ter \u00e0 la maison car les soir\u00e9es de livraison risquent d&rsquo;\u00eatre encore tr\u00e8s fra\u00eeches, en ce mois de f\u00e9vrier !<\/p>\n<p>A tr\u00e8s bient\u00f4t !<\/p>\n<p>Vos coordinatrices Plantes Aromatiques<\/p>\n","protected":false},"excerpt":{"rendered":"<p>Le jeudi 14 et le jeudi 28 f\u00e9vrier 2013, vous pourrez signer un nouveau contrat de plantes aromatiques, tisanes et jeunes plants en pot, propos\u00e9 par notre cultivateur de saveurs, Beno\u00eet DIMA. Vous trouverez ci-apr\u00e8s, en cliquant sur les liens correspondants : la page du contrat comportant votre re\u00e7u, appel\u00e9e CntPLANTESetTISANESdoc1 et le document 2, &hellip; <a href=\"http:\/\/www.amaplaneteblanquefort.fr\/wordpress\/2013\/02\/07\/un-nouveau-contrat-plantes-aromatiques\/\" class=\"more-link\">Continuer la lecture de <span class=\"screen-reader-text\">Un nouveau contrat Plantes Aromatiques !<\/span> <span class=\"meta-nav\">&rarr;<\/span><\/a><\/p>\n","protected":false},"author":1,"featured_media":0,"comment_status":"open","ping_status":"open","sticky":false,"template":"","format":"standard","meta":{"footnotes":""},"categories":[26],"tags":[],"class_list":["post-1493","post","type-post","status-publish","format-standard","hentry","category-14-plantes-aromatiques"],"_links":{"self":[{"href":"http:\/\/www.amaplaneteblanquefort.fr\/wordpress\/wp-json\/wp\/v2\/posts\/1493","targetHints":{"allow":["GET"]}}],"collection":[{"href":"http:\/\/www.amaplaneteblanquefort.fr\/wordpress\/wp-json\/wp\/v2\/posts"}],"about":[{"href":"http:\/\/www.amaplaneteblanquefort.fr\/wordpress\/wp-json\/wp\/v2\/types\/post"}],"author":[{"embeddable":true,"href":"http:\/\/www.amaplaneteblanquefort.fr\/wordpress\/wp-json\/wp\/v2\/users\/1"}],"replies":[{"embeddable":true,"href":"http:\/\/www.amaplaneteblanquefort.fr\/wordpress\/wp-json\/wp\/v2\/comments?post=1493"}],"version-history":[{"count":6,"href":"http:\/\/www.amaplaneteblanquefort.fr\/wordpress\/wp-json\/wp\/v2\/posts\/1493\/revisions"}],"predecessor-version":[{"id":1502,"href":"http:\/\/www.amaplaneteblanquefort.fr\/wordpress\/wp-json\/wp\/v2\/posts\/1493\/revisions\/1502"}],"wp:attachment":[{"href":"http:\/\/www.amaplaneteblanquefort.fr\/wordpress\/wp-json\/wp\/v2\/media?parent=1493"}],"wp:term":[{"taxonomy":"category","embeddable":true,"href":"http:\/\/www.amaplaneteblanquefort.fr\/wordpress\/wp-json\/wp\/v2\/categories?post=1493"},{"taxonomy":"post_tag","embeddable":true,"href":"http:\/\/www.amaplaneteblanquefort.fr\/wordpress\/wp-json\/wp\/v2\/tags?post=1493"}],"curies":[{"name":"wp","href":"https:\/\/api.w.org\/{rel}","templated":true}]}}