{"id":14482,"date":"2022-08-31T17:34:40","date_gmt":"2022-08-31T15:34:40","guid":{"rendered":"http:\/\/www.amaplaneteblanquefort.fr\/wordpress\/?p=14482"},"modified":"2022-08-31T17:34:40","modified_gmt":"2022-08-31T15:34:40","slug":"presentation-les-confitures-solidaires","status":"publish","type":"post","link":"http:\/\/www.amaplaneteblanquefort.fr\/wordpress\/2022\/08\/31\/presentation-les-confitures-solidaires\/","title":{"rendered":"Pr\u00e9sentation les Confitures Solidaires"},"content":{"rendered":"\n<p>L&rsquo;association<strong> E<\/strong>change <strong>N<\/strong>ord <strong>S<\/strong>ud, cr\u00e9\u00e9e en 1997, promeut un d\u00e9veloppement local et durable au S\u00e9n\u00e9gal, au Burkina Faso et en Gironde.\u00a0 Les domaines d&rsquo;actions de l&rsquo;association sont la protection de l&rsquo;environnement, la promotion et la mise en \u0153uvre de projets d&rsquo;\u00e9conomie circulaire et la sensibilisation \u00e0 une alimentation durable accessible \u00e0 tous.\u00a0<\/p>\n\n\n\n<p>Les produits du projet <strong>\u00a0\u00bb Les Confitures Solidaires<\/strong>\u00a0\u00bb sont pr\u00e9par\u00e9s \u00e0 partir des fruits et l\u00e9gumes invendus de magasins bio, locaux,\u00a0 et r\u00e9cup\u00e9r\u00e9s quotidiennement.\u00a0Confectionn\u00e9es de mani\u00e8re artisanale par les membres de l&rsquo;association, elles ne contiennent que 30% de sucre et sont 100% Bio ! Pour que chaque go\u00fbt trouve sa confiture on trouve des parfums classiques mais aussi des tr\u00e8s originaux .\u00a0\u00a0<\/p>\n\n\n\n<p>Des chutneys et des barres de c\u00e9r\u00e9ales sont aussi confectionn\u00e9s \u00e0 partir de ces invendus.&nbsp;<\/p>\n\n\n\n<p>Afin de&nbsp; s&rsquo;engager encore plus dans la r\u00e9duction des d\u00e9chets, les invendus, non valoris\u00e9s, sont compost\u00e9s et, les pots de confitures sont consign\u00e9s, alors gardez vos pots !&nbsp;<\/p>\n","protected":false},"excerpt":{"rendered":"<p>L&rsquo;association Echange Nord Sud, cr\u00e9\u00e9e en 1997, promeut un d\u00e9veloppement local et durable au S\u00e9n\u00e9gal, au Burkina Faso et en Gironde.\u00a0 Les domaines d&rsquo;actions de l&rsquo;association sont la protection de l&rsquo;environnement, la promotion et la mise en \u0153uvre de projets d&rsquo;\u00e9conomie circulaire et la sensibilisation \u00e0 une alimentation durable accessible \u00e0 tous.\u00a0 Les produits du &hellip; <a href=\"http:\/\/www.amaplaneteblanquefort.fr\/wordpress\/2022\/08\/31\/presentation-les-confitures-solidaires\/\" class=\"more-link\">Continuer la lecture de <span class=\"screen-reader-text\">Pr\u00e9sentation les Confitures Solidaires<\/span> <span class=\"meta-nav\">&rarr;<\/span><\/a><\/p>\n","protected":false},"author":975,"featured_media":0,"comment_status":"open","ping_status":"open","sticky":false,"template":"","format":"standard","meta":{"footnotes":""},"categories":[1],"tags":[],"class_list":["post-14482","post","type-post","status-publish","format-standard","hentry","category-non-classe"],"_links":{"self":[{"href":"http:\/\/www.amaplaneteblanquefort.fr\/wordpress\/wp-json\/wp\/v2\/posts\/14482","targetHints":{"allow":["GET"]}}],"collection":[{"href":"http:\/\/www.amaplaneteblanquefort.fr\/wordpress\/wp-json\/wp\/v2\/posts"}],"about":[{"href":"http:\/\/www.amaplaneteblanquefort.fr\/wordpress\/wp-json\/wp\/v2\/types\/post"}],"author":[{"embeddable":true,"href":"http:\/\/www.amaplaneteblanquefort.fr\/wordpress\/wp-json\/wp\/v2\/users\/975"}],"replies":[{"embeddable":true,"href":"http:\/\/www.amaplaneteblanquefort.fr\/wordpress\/wp-json\/wp\/v2\/comments?post=14482"}],"version-history":[{"count":1,"href":"http:\/\/www.amaplaneteblanquefort.fr\/wordpress\/wp-json\/wp\/v2\/posts\/14482\/revisions"}],"predecessor-version":[{"id":14483,"href":"http:\/\/www.amaplaneteblanquefort.fr\/wordpress\/wp-json\/wp\/v2\/posts\/14482\/revisions\/14483"}],"wp:attachment":[{"href":"http:\/\/www.amaplaneteblanquefort.fr\/wordpress\/wp-json\/wp\/v2\/media?parent=14482"}],"wp:term":[{"taxonomy":"category","embeddable":true,"href":"http:\/\/www.amaplaneteblanquefort.fr\/wordpress\/wp-json\/wp\/v2\/categories?post=14482"},{"taxonomy":"post_tag","embeddable":true,"href":"http:\/\/www.amaplaneteblanquefort.fr\/wordpress\/wp-json\/wp\/v2\/tags?post=14482"}],"curies":[{"name":"wp","href":"https:\/\/api.w.org\/{rel}","templated":true}]}}