{"id":14458,"date":"2022-08-22T18:40:13","date_gmt":"2022-08-22T16:40:13","guid":{"rendered":"http:\/\/www.amaplaneteblanquefort.fr\/wordpress\/?p=14458"},"modified":"2025-09-05T12:01:08","modified_gmt":"2025-09-05T10:01:08","slug":"presentation-contrat-volaille","status":"publish","type":"post","link":"http:\/\/www.amaplaneteblanquefort.fr\/wordpress\/2022\/08\/22\/presentation-contrat-volaille\/","title":{"rendered":"Pr\u00e9sentation contrat volaille"},"content":{"rendered":"\n<p>C\u2019est sur une cinquantaine d\u2019hectares au milieu des Landes girondines et du vignoble m\u00e9docain, \u00e0 Avensan, que se situe la Ferme de Vertessec ; un petit coin de nature o\u00f9 sont \u00e9lev\u00e9es les volailles.<\/p>\n\n\n\n<p>Ils produisent dans un batiment typique du m\u00e9doc (Bergeries, Fours \u00e0 Bois) des volailles ( Poulets, Canards, Lapins, Oies, Poulardes, Pintades, Canettes) de qualit\u00e9.<\/p>\n\n\n\n<p>Leur fiert\u00e9 est d\u2019avoir r\u00e9habilit\u00e9 et fait red\u00e9couvrir au public m\u00e9docain des races de volailles anciennes, rustiques, nobles, oubli\u00e9es, \u00e0 l\u2019image de la Faverole ou de la Dor\u00e9e de Vertessec.<\/p>\n\n\n\n<p>Produits propos\u00e9s actuellement :<br>poulets, poulettes, lapins, pintades, canettes de barbarie, pigeons, r\u00f4tis de magret, r\u00f4tis de poularde, r\u00f4ti de canette, blancs de poulet, cuisses de poulet, magrets de canard, saucisses de canard, saucisses de volaille, p\u00e2t\u00e9s volaille\/noisette, p\u00e2t\u00e9 poulet\/estragon, p\u00e2t\u00e9 canard\/olives, rillettes de poulet, tourtes, \u0153ufs.<\/p>\n\n\n\n<p>Contrats toutes les 2 semaines, toute l\u2019ann\u00e9e.<\/p>\n","protected":false},"excerpt":{"rendered":"<p>C\u2019est sur une cinquantaine d\u2019hectares au milieu des Landes girondines et du vignoble m\u00e9docain, \u00e0 Avensan, que se situe la Ferme de Vertessec ; un petit coin de nature o\u00f9 sont \u00e9lev\u00e9es les volailles. Ils produisent dans un batiment typique du m\u00e9doc (Bergeries, Fours \u00e0 Bois) des volailles ( Poulets, Canards, Lapins, Oies, Poulardes, Pintades, &hellip; <a href=\"http:\/\/www.amaplaneteblanquefort.fr\/wordpress\/2022\/08\/22\/presentation-contrat-volaille\/\" class=\"more-link\">Continuer la lecture de <span class=\"screen-reader-text\">Pr\u00e9sentation contrat volaille<\/span> <span class=\"meta-nav\">&rarr;<\/span><\/a><\/p>\n","protected":false},"author":975,"featured_media":0,"comment_status":"closed","ping_status":"closed","sticky":false,"template":"","format":"standard","meta":{"footnotes":""},"categories":[1],"tags":[],"class_list":["post-14458","post","type-post","status-publish","format-standard","hentry","category-non-classe"],"_links":{"self":[{"href":"http:\/\/www.amaplaneteblanquefort.fr\/wordpress\/wp-json\/wp\/v2\/posts\/14458","targetHints":{"allow":["GET"]}}],"collection":[{"href":"http:\/\/www.amaplaneteblanquefort.fr\/wordpress\/wp-json\/wp\/v2\/posts"}],"about":[{"href":"http:\/\/www.amaplaneteblanquefort.fr\/wordpress\/wp-json\/wp\/v2\/types\/post"}],"author":[{"embeddable":true,"href":"http:\/\/www.amaplaneteblanquefort.fr\/wordpress\/wp-json\/wp\/v2\/users\/975"}],"replies":[{"embeddable":true,"href":"http:\/\/www.amaplaneteblanquefort.fr\/wordpress\/wp-json\/wp\/v2\/comments?post=14458"}],"version-history":[{"count":1,"href":"http:\/\/www.amaplaneteblanquefort.fr\/wordpress\/wp-json\/wp\/v2\/posts\/14458\/revisions"}],"predecessor-version":[{"id":14459,"href":"http:\/\/www.amaplaneteblanquefort.fr\/wordpress\/wp-json\/wp\/v2\/posts\/14458\/revisions\/14459"}],"wp:attachment":[{"href":"http:\/\/www.amaplaneteblanquefort.fr\/wordpress\/wp-json\/wp\/v2\/media?parent=14458"}],"wp:term":[{"taxonomy":"category","embeddable":true,"href":"http:\/\/www.amaplaneteblanquefort.fr\/wordpress\/wp-json\/wp\/v2\/categories?post=14458"},{"taxonomy":"post_tag","embeddable":true,"href":"http:\/\/www.amaplaneteblanquefort.fr\/wordpress\/wp-json\/wp\/v2\/tags?post=14458"}],"curies":[{"name":"wp","href":"https:\/\/api.w.org\/{rel}","templated":true}]}}