{"id":14453,"date":"2022-08-22T17:59:41","date_gmt":"2022-08-22T15:59:41","guid":{"rendered":"http:\/\/www.amaplaneteblanquefort.fr\/wordpress\/?p=14453"},"modified":"2025-09-05T11:59:58","modified_gmt":"2025-09-05T09:59:58","slug":"presentation-contrat-porc","status":"publish","type":"post","link":"http:\/\/www.amaplaneteblanquefort.fr\/wordpress\/2022\/08\/22\/presentation-contrat-porc\/","title":{"rendered":"Pr\u00e9sentation contrat porc"},"content":{"rendered":"\n<p>St\u00e9phanie et Jules ont leur ferme dans le P\u00e9rigord. Ils \u00e9l\u00e8vent notamment des cochons et proposent des produits issus de leur \u00e9levage, ainsi que des l\u00e9gumes secs et de l\u2019huile de noix. L\u2019ensemble de leur production est r\u00e9alis\u00e9 dans le respect du cahier des charges bio. Les viandes sont d\u00e9coup\u00e9es par des bouchers professionnels et mises sous vide.<\/p>\n\n\n\n<p>Outre les colis de porc bio, la ferme des Charmes propose de la charcuterie et d\u2019autres bonnes choses produites sur la ferme.<\/p>\n\n\n\n<p>Produits propos\u00e9s :<\/p>\n\n\n\n<ul class=\"wp-block-list\"><li>colis 5 kg de porc<\/li><li>andouillettes<\/li><li>boudin frais<\/li><li>jambon de pays<\/li><li>saucisses<\/li><li>bacon<\/li><li>coppa<\/li><li>lardons sal\u00e9s<\/li><li>p\u00e2t\u00e9 de la ferme<\/li><li>p\u00e2t\u00e9 aux c\u00e8pes<\/li><li>p\u00e2t\u00e9 aux truffes<\/li><li>p\u00e2t\u00e9 aux oignons<\/li><li>rillettes \u00e0 l\u2019ail<\/li><li>lentilles-saucisses<\/li><li>rougaille-saucisses<\/li><li>tripes de b\u0153uf<\/li><li>tripes de b\u0153uf \u00e0 la madril\u00e8ne<\/li><li>chili con carne<\/li><li>langue de b\u0153uf<\/li><li>sauce bolognaise<\/li><li>velout\u00e9 de lentillons de Champagne<\/li><li>lentillons de Champagne<\/li><li>pois chiche<\/li><li>huile de noix<\/li><li>noix<\/li><\/ul>\n\n\n\n<p>Contrats 1 par trimestre<\/p>\n","protected":false},"excerpt":{"rendered":"<p>St\u00e9phanie et Jules ont leur ferme dans le P\u00e9rigord. Ils \u00e9l\u00e8vent notamment des cochons et proposent des produits issus de leur \u00e9levage, ainsi que des l\u00e9gumes secs et de l\u2019huile de noix. L\u2019ensemble de leur production est r\u00e9alis\u00e9 dans le respect du cahier des charges bio. Les viandes sont d\u00e9coup\u00e9es par des bouchers professionnels et &hellip; <a href=\"http:\/\/www.amaplaneteblanquefort.fr\/wordpress\/2022\/08\/22\/presentation-contrat-porc\/\" class=\"more-link\">Continuer la lecture de <span class=\"screen-reader-text\">Pr\u00e9sentation contrat porc<\/span> <span class=\"meta-nav\">&rarr;<\/span><\/a><\/p>\n","protected":false},"author":975,"featured_media":0,"comment_status":"closed","ping_status":"closed","sticky":false,"template":"","format":"standard","meta":{"footnotes":""},"categories":[1],"tags":[],"class_list":["post-14453","post","type-post","status-publish","format-standard","hentry","category-non-classe"],"_links":{"self":[{"href":"http:\/\/www.amaplaneteblanquefort.fr\/wordpress\/wp-json\/wp\/v2\/posts\/14453","targetHints":{"allow":["GET"]}}],"collection":[{"href":"http:\/\/www.amaplaneteblanquefort.fr\/wordpress\/wp-json\/wp\/v2\/posts"}],"about":[{"href":"http:\/\/www.amaplaneteblanquefort.fr\/wordpress\/wp-json\/wp\/v2\/types\/post"}],"author":[{"embeddable":true,"href":"http:\/\/www.amaplaneteblanquefort.fr\/wordpress\/wp-json\/wp\/v2\/users\/975"}],"replies":[{"embeddable":true,"href":"http:\/\/www.amaplaneteblanquefort.fr\/wordpress\/wp-json\/wp\/v2\/comments?post=14453"}],"version-history":[{"count":1,"href":"http:\/\/www.amaplaneteblanquefort.fr\/wordpress\/wp-json\/wp\/v2\/posts\/14453\/revisions"}],"predecessor-version":[{"id":14454,"href":"http:\/\/www.amaplaneteblanquefort.fr\/wordpress\/wp-json\/wp\/v2\/posts\/14453\/revisions\/14454"}],"wp:attachment":[{"href":"http:\/\/www.amaplaneteblanquefort.fr\/wordpress\/wp-json\/wp\/v2\/media?parent=14453"}],"wp:term":[{"taxonomy":"category","embeddable":true,"href":"http:\/\/www.amaplaneteblanquefort.fr\/wordpress\/wp-json\/wp\/v2\/categories?post=14453"},{"taxonomy":"post_tag","embeddable":true,"href":"http:\/\/www.amaplaneteblanquefort.fr\/wordpress\/wp-json\/wp\/v2\/tags?post=14453"}],"curies":[{"name":"wp","href":"https:\/\/api.w.org\/{rel}","templated":true}]}}