{"id":14445,"date":"2022-08-22T17:52:06","date_gmt":"2022-08-22T15:52:06","guid":{"rendered":"http:\/\/www.amaplaneteblanquefort.fr\/wordpress\/?p=14445"},"modified":"2025-10-21T21:19:24","modified_gmt":"2025-10-21T19:19:24","slug":"presentation-contrat-pain","status":"publish","type":"post","link":"http:\/\/www.amaplaneteblanquefort.fr\/wordpress\/2022\/08\/22\/presentation-contrat-pain\/","title":{"rendered":"Pr\u00e9sentation contrat pain"},"content":{"rendered":"\n<p>4 Boulanger.e.s se sont associ\u00e9s pour produire des pains au levain.<br>Leur fournil est install\u00e9 \u00e0 Latresne. ils distribuent, en circuit court, AMAP et march\u00e9s.<br><br>Leur farine de bl\u00e9 provient de la ferme de Bobina en Dordogne. Celle de petit-\u00e9peautre provient de la ferme du Chaudron Magique en Lot-et-Garonne. Les graines de Tournesol viennent de la ferme SAINBIOSE en Lot-et-Garonne. Toutes leurs mati\u00e8res premi\u00e8res sont certifi\u00e9es bio et, ils ont engag\u00e9 des d\u00e9marches pour \u00eatre certifi\u00e9s AB.<br><br><a href=\"https:\/\/lacollectivepains.fr\">https:\/\/lacollectivepains.fr<\/a><\/p>\n\n\n","protected":false},"excerpt":{"rendered":"<p>4 Boulanger.e.s se sont associ\u00e9s pour produire des pains au levain.Leur fournil est install\u00e9 \u00e0 Latresne. ils distribuent, en circuit court, AMAP et march\u00e9s. Leur farine de bl\u00e9 provient de la ferme de Bobina en Dordogne. Celle de petit-\u00e9peautre provient de la ferme du Chaudron Magique en Lot-et-Garonne. Les graines de Tournesol viennent de la &hellip; <a href=\"http:\/\/www.amaplaneteblanquefort.fr\/wordpress\/2022\/08\/22\/presentation-contrat-pain\/\" class=\"more-link\">Continuer la lecture de <span class=\"screen-reader-text\">Pr\u00e9sentation contrat pain<\/span> <span class=\"meta-nav\">&rarr;<\/span><\/a><\/p>\n","protected":false},"author":975,"featured_media":0,"comment_status":"open","ping_status":"open","sticky":false,"template":"","format":"standard","meta":{"footnotes":""},"categories":[1],"tags":[],"class_list":["post-14445","post","type-post","status-publish","format-standard","hentry","category-non-classe"],"_links":{"self":[{"href":"http:\/\/www.amaplaneteblanquefort.fr\/wordpress\/wp-json\/wp\/v2\/posts\/14445","targetHints":{"allow":["GET"]}}],"collection":[{"href":"http:\/\/www.amaplaneteblanquefort.fr\/wordpress\/wp-json\/wp\/v2\/posts"}],"about":[{"href":"http:\/\/www.amaplaneteblanquefort.fr\/wordpress\/wp-json\/wp\/v2\/types\/post"}],"author":[{"embeddable":true,"href":"http:\/\/www.amaplaneteblanquefort.fr\/wordpress\/wp-json\/wp\/v2\/users\/975"}],"replies":[{"embeddable":true,"href":"http:\/\/www.amaplaneteblanquefort.fr\/wordpress\/wp-json\/wp\/v2\/comments?post=14445"}],"version-history":[{"count":2,"href":"http:\/\/www.amaplaneteblanquefort.fr\/wordpress\/wp-json\/wp\/v2\/posts\/14445\/revisions"}],"predecessor-version":[{"id":14712,"href":"http:\/\/www.amaplaneteblanquefort.fr\/wordpress\/wp-json\/wp\/v2\/posts\/14445\/revisions\/14712"}],"wp:attachment":[{"href":"http:\/\/www.amaplaneteblanquefort.fr\/wordpress\/wp-json\/wp\/v2\/media?parent=14445"}],"wp:term":[{"taxonomy":"category","embeddable":true,"href":"http:\/\/www.amaplaneteblanquefort.fr\/wordpress\/wp-json\/wp\/v2\/categories?post=14445"},{"taxonomy":"post_tag","embeddable":true,"href":"http:\/\/www.amaplaneteblanquefort.fr\/wordpress\/wp-json\/wp\/v2\/tags?post=14445"}],"curies":[{"name":"wp","href":"https:\/\/api.w.org\/{rel}","templated":true}]}}