{"id":14441,"date":"2022-08-22T17:48:19","date_gmt":"2022-08-22T15:48:19","guid":{"rendered":"http:\/\/www.amaplaneteblanquefort.fr\/wordpress\/?p=14441"},"modified":"2022-09-28T12:28:41","modified_gmt":"2022-09-28T10:28:41","slug":"presentation-contrat-legumes","status":"publish","type":"post","link":"http:\/\/www.amaplaneteblanquefort.fr\/wordpress\/2022\/08\/22\/presentation-contrat-legumes\/","title":{"rendered":"Pr\u00e9sentation contrat l\u00e9gumes"},"content":{"rendered":"\n<h2 class=\"wp-block-heading\">La Ferme de la Bess\u00e8de<\/h2>\n\n\n\n<p>Production de l\u00e9gumes bio de saison sur 4 ha.<br>Vente sur le march\u00e9 de Blanquefort le samedi matin.<br>Livraisons de 2 AMAP (Blanquefort et St Aubin du M\u00e9doc)<\/p>\n\n\n\n<p>site facebook : <a href=\"https:\/\/www.facebook.com\/fermedelabessede\">https:\/\/www.facebook.com\/fermedelabessede<\/a><\/p>\n\n\n\n<p><\/p>\n\n\n\n<h2 class=\"wp-block-heading\">Le panier<\/h2>\n\n\n\n<p>Le panier de l\u00e9gumes bio de saison est au prix de 14 \u20ac : <\/p>\n\n\n\n<ul class=\"wp-block-list\"><li>Contrat annuel toutes les semaines, de septembre \u00e0 septembre (40 livraisons), <\/li><li>Possibilit\u00e9 de \u00ab\u00a0demi-contrat\u00a0\u00bb quinzomadaire (tous les 15 jours) (20 livraisons).<\/li><\/ul>\n\n\n\n<figure class=\"wp-block-image size-medium is-style-default\"><a href=\"http:\/\/www.amaplaneteblanquefort.fr\/wordpress\/wp-content\/uploads\/2022\/09\/image0000001-scaled.jpg\"><img loading=\"lazy\" decoding=\"async\" width=\"226\" height=\"300\" src=\"http:\/\/www.amaplaneteblanquefort.fr\/wordpress\/wp-content\/uploads\/2022\/09\/image0000001-226x300.jpg\" alt=\"\" class=\"wp-image-14507\" srcset=\"http:\/\/www.amaplaneteblanquefort.fr\/wordpress\/wp-content\/uploads\/2022\/09\/image0000001-226x300.jpg 226w, http:\/\/www.amaplaneteblanquefort.fr\/wordpress\/wp-content\/uploads\/2022\/09\/image0000001-771x1024.jpg 771w, http:\/\/www.amaplaneteblanquefort.fr\/wordpress\/wp-content\/uploads\/2022\/09\/image0000001-768x1020.jpg 768w, http:\/\/www.amaplaneteblanquefort.fr\/wordpress\/wp-content\/uploads\/2022\/09\/image0000001-1156x1536.jpg 1156w, http:\/\/www.amaplaneteblanquefort.fr\/wordpress\/wp-content\/uploads\/2022\/09\/image0000001-1542x2048.jpg 1542w, http:\/\/www.amaplaneteblanquefort.fr\/wordpress\/wp-content\/uploads\/2022\/09\/image0000001-scaled.jpg 1927w\" sizes=\"auto, (max-width: 226px) 100vw, 226px\" \/><\/a><figcaption>Un exemple de panier \u00e0 14 \u20ac de l\u00e9gumes bios<\/figcaption><\/figure>\n\n\n\n<h2 class=\"wp-block-heading\">Quelques photos<\/h2>\n\n\n\n<figure class=\"wp-block-gallery has-nested-images columns-default is-cropped wp-block-gallery-1 is-layout-flex wp-block-gallery-is-layout-flex\">\n<figure class=\"wp-block-image size-medium\"><a href=\"http:\/\/www.amaplaneteblanquefort.fr\/wordpress\/wp-content\/uploads\/2022\/09\/IMG_5331-scaled.jpg\"><img loading=\"lazy\" decoding=\"async\" width=\"225\" height=\"300\" data-id=\"14510\" src=\"http:\/\/www.amaplaneteblanquefort.fr\/wordpress\/wp-content\/uploads\/2022\/09\/IMG_5331-225x300.jpg\" alt=\"\" class=\"wp-image-14510\" srcset=\"http:\/\/www.amaplaneteblanquefort.fr\/wordpress\/wp-content\/uploads\/2022\/09\/IMG_5331-225x300.jpg 225w, http:\/\/www.amaplaneteblanquefort.fr\/wordpress\/wp-content\/uploads\/2022\/09\/IMG_5331-768x1024.jpg 768w, http:\/\/www.amaplaneteblanquefort.fr\/wordpress\/wp-content\/uploads\/2022\/09\/IMG_5331-1152x1536.jpg 1152w, http:\/\/www.amaplaneteblanquefort.fr\/wordpress\/wp-content\/uploads\/2022\/09\/IMG_5331-1536x2048.jpg 1536w, http:\/\/www.amaplaneteblanquefort.fr\/wordpress\/wp-content\/uploads\/2022\/09\/IMG_5331-scaled.jpg 1920w\" sizes=\"auto, (max-width: 225px) 100vw, 225px\" \/><\/a><\/figure>\n\n\n\n<figure class=\"wp-block-image size-large\"><a href=\"http:\/\/www.amaplaneteblanquefort.fr\/wordpress\/wp-content\/uploads\/2022\/09\/IMG_5341-scaled.jpg\"><img loading=\"lazy\" decoding=\"async\" width=\"768\" height=\"1024\" data-id=\"14512\" src=\"http:\/\/www.amaplaneteblanquefort.fr\/wordpress\/wp-content\/uploads\/2022\/09\/IMG_5341-768x1024.jpg\" alt=\"\" class=\"wp-image-14512\" srcset=\"http:\/\/www.amaplaneteblanquefort.fr\/wordpress\/wp-content\/uploads\/2022\/09\/IMG_5341-768x1024.jpg 768w, http:\/\/www.amaplaneteblanquefort.fr\/wordpress\/wp-content\/uploads\/2022\/09\/IMG_5341-225x300.jpg 225w, http:\/\/www.amaplaneteblanquefort.fr\/wordpress\/wp-content\/uploads\/2022\/09\/IMG_5341-1152x1536.jpg 1152w, http:\/\/www.amaplaneteblanquefort.fr\/wordpress\/wp-content\/uploads\/2022\/09\/IMG_5341-1536x2048.jpg 1536w, http:\/\/www.amaplaneteblanquefort.fr\/wordpress\/wp-content\/uploads\/2022\/09\/IMG_5341-scaled.jpg 1920w\" sizes=\"auto, (max-width: 768px) 100vw, 768px\" \/><\/a><\/figure>\n\n\n\n<figure class=\"wp-block-image size-large\"><a href=\"http:\/\/www.amaplaneteblanquefort.fr\/wordpress\/wp-content\/uploads\/2022\/09\/IMG_5349-scaled.jpg\"><img loading=\"lazy\" decoding=\"async\" width=\"1024\" height=\"768\" data-id=\"14513\" src=\"http:\/\/www.amaplaneteblanquefort.fr\/wordpress\/wp-content\/uploads\/2022\/09\/IMG_5349-1024x768.jpg\" alt=\"\" class=\"wp-image-14513\" srcset=\"http:\/\/www.amaplaneteblanquefort.fr\/wordpress\/wp-content\/uploads\/2022\/09\/IMG_5349-1024x768.jpg 1024w, http:\/\/www.amaplaneteblanquefort.fr\/wordpress\/wp-content\/uploads\/2022\/09\/IMG_5349-300x225.jpg 300w, http:\/\/www.amaplaneteblanquefort.fr\/wordpress\/wp-content\/uploads\/2022\/09\/IMG_5349-768x576.jpg 768w, http:\/\/www.amaplaneteblanquefort.fr\/wordpress\/wp-content\/uploads\/2022\/09\/IMG_5349-1536x1152.jpg 1536w, http:\/\/www.amaplaneteblanquefort.fr\/wordpress\/wp-content\/uploads\/2022\/09\/IMG_5349-2048x1536.jpg 2048w\" sizes=\"auto, (max-width: 1024px) 100vw, 1024px\" \/><\/a><\/figure>\n\n\n\n<figure class=\"wp-block-image size-large\"><a href=\"http:\/\/www.amaplaneteblanquefort.fr\/wordpress\/wp-content\/uploads\/2022\/09\/IMG_5347-scaled.jpg\"><img loading=\"lazy\" decoding=\"async\" width=\"1024\" height=\"768\" data-id=\"14515\" src=\"http:\/\/www.amaplaneteblanquefort.fr\/wordpress\/wp-content\/uploads\/2022\/09\/IMG_5347-1024x768.jpg\" alt=\"\" class=\"wp-image-14515\" srcset=\"http:\/\/www.amaplaneteblanquefort.fr\/wordpress\/wp-content\/uploads\/2022\/09\/IMG_5347-1024x768.jpg 1024w, http:\/\/www.amaplaneteblanquefort.fr\/wordpress\/wp-content\/uploads\/2022\/09\/IMG_5347-300x225.jpg 300w, http:\/\/www.amaplaneteblanquefort.fr\/wordpress\/wp-content\/uploads\/2022\/09\/IMG_5347-768x576.jpg 768w, http:\/\/www.amaplaneteblanquefort.fr\/wordpress\/wp-content\/uploads\/2022\/09\/IMG_5347-1536x1152.jpg 1536w, http:\/\/www.amaplaneteblanquefort.fr\/wordpress\/wp-content\/uploads\/2022\/09\/IMG_5347-2048x1536.jpg 2048w\" sizes=\"auto, (max-width: 1024px) 100vw, 1024px\" \/><\/a><\/figure>\n\n\n\n<figure class=\"wp-block-image size-large\"><a href=\"http:\/\/www.amaplaneteblanquefort.fr\/wordpress\/wp-content\/uploads\/2022\/09\/IMG_5351.jpg\"><img loading=\"lazy\" decoding=\"async\" width=\"1024\" height=\"1024\" data-id=\"14514\" src=\"http:\/\/www.amaplaneteblanquefort.fr\/wordpress\/wp-content\/uploads\/2022\/09\/IMG_5351-1024x1024.jpg\" alt=\"\" class=\"wp-image-14514\" srcset=\"http:\/\/www.amaplaneteblanquefort.fr\/wordpress\/wp-content\/uploads\/2022\/09\/IMG_5351-1024x1024.jpg 1024w, http:\/\/www.amaplaneteblanquefort.fr\/wordpress\/wp-content\/uploads\/2022\/09\/IMG_5351-300x300.jpg 300w, http:\/\/www.amaplaneteblanquefort.fr\/wordpress\/wp-content\/uploads\/2022\/09\/IMG_5351-150x150.jpg 150w, http:\/\/www.amaplaneteblanquefort.fr\/wordpress\/wp-content\/uploads\/2022\/09\/IMG_5351-768x768.jpg 768w, http:\/\/www.amaplaneteblanquefort.fr\/wordpress\/wp-content\/uploads\/2022\/09\/IMG_5351-1536x1536.jpg 1536w, http:\/\/www.amaplaneteblanquefort.fr\/wordpress\/wp-content\/uploads\/2022\/09\/IMG_5351-2048x2048.jpg 2048w\" sizes=\"auto, (max-width: 1024px) 100vw, 1024px\" \/><\/a><\/figure>\n<\/figure>\n","protected":false},"excerpt":{"rendered":"<p>La Ferme de la Bess\u00e8de Production de l\u00e9gumes bio de saison sur 4 ha.Vente sur le march\u00e9 de Blanquefort le samedi matin.Livraisons de 2 AMAP (Blanquefort et St Aubin du M\u00e9doc) site facebook : https:\/\/www.facebook.com\/fermedelabessede Le panier Le panier de l\u00e9gumes bio de saison est au prix de 14 \u20ac : Contrat annuel toutes les &hellip; <a href=\"http:\/\/www.amaplaneteblanquefort.fr\/wordpress\/2022\/08\/22\/presentation-contrat-legumes\/\" class=\"more-link\">Continuer la lecture de <span class=\"screen-reader-text\">Pr\u00e9sentation contrat l\u00e9gumes<\/span> <span class=\"meta-nav\">&rarr;<\/span><\/a><\/p>\n","protected":false},"author":12024,"featured_media":0,"comment_status":"open","ping_status":"open","sticky":false,"template":"","format":"standard","meta":{"footnotes":""},"categories":[1],"tags":[],"class_list":["post-14441","post","type-post","status-publish","format-standard","hentry","category-non-classe"],"_links":{"self":[{"href":"http:\/\/www.amaplaneteblanquefort.fr\/wordpress\/wp-json\/wp\/v2\/posts\/14441","targetHints":{"allow":["GET"]}}],"collection":[{"href":"http:\/\/www.amaplaneteblanquefort.fr\/wordpress\/wp-json\/wp\/v2\/posts"}],"about":[{"href":"http:\/\/www.amaplaneteblanquefort.fr\/wordpress\/wp-json\/wp\/v2\/types\/post"}],"author":[{"embeddable":true,"href":"http:\/\/www.amaplaneteblanquefort.fr\/wordpress\/wp-json\/wp\/v2\/users\/12024"}],"replies":[{"embeddable":true,"href":"http:\/\/www.amaplaneteblanquefort.fr\/wordpress\/wp-json\/wp\/v2\/comments?post=14441"}],"version-history":[{"count":7,"href":"http:\/\/www.amaplaneteblanquefort.fr\/wordpress\/wp-json\/wp\/v2\/posts\/14441\/revisions"}],"predecessor-version":[{"id":14710,"href":"http:\/\/www.amaplaneteblanquefort.fr\/wordpress\/wp-json\/wp\/v2\/posts\/14441\/revisions\/14710"}],"wp:attachment":[{"href":"http:\/\/www.amaplaneteblanquefort.fr\/wordpress\/wp-json\/wp\/v2\/media?parent=14441"}],"wp:term":[{"taxonomy":"category","embeddable":true,"href":"http:\/\/www.amaplaneteblanquefort.fr\/wordpress\/wp-json\/wp\/v2\/categories?post=14441"},{"taxonomy":"post_tag","embeddable":true,"href":"http:\/\/www.amaplaneteblanquefort.fr\/wordpress\/wp-json\/wp\/v2\/tags?post=14441"}],"curies":[{"name":"wp","href":"https:\/\/api.w.org\/{rel}","templated":true}]}}