{"id":14353,"date":"2022-01-22T17:58:10","date_gmt":"2022-01-22T16:58:10","guid":{"rendered":"http:\/\/www.amaplaneteblanquefort.fr\/wordpress\/?p=14353"},"modified":"2025-09-18T19:17:14","modified_gmt":"2025-09-18T17:17:14","slug":"presentation-de-la-ferme-aux-fleurs","status":"publish","type":"post","link":"http:\/\/www.amaplaneteblanquefort.fr\/wordpress\/2022\/01\/22\/presentation-de-la-ferme-aux-fleurs\/","title":{"rendered":"Pr\u00e9sentation de la ferme aux fleurs"},"content":{"rendered":"<div class=\"wp-block-image\">\n<figure class=\"alignleft size-large is-resized\"><a href=\"http:\/\/www.amaplaneteblanquefort.fr\/wordpress\/wp-content\/uploads\/2022\/01\/IMG-20210531-WA0001-1.jpg\"><img loading=\"lazy\" decoding=\"async\" width=\"768\" height=\"1024\" src=\"http:\/\/www.amaplaneteblanquefort.fr\/wordpress\/wp-content\/uploads\/2022\/01\/IMG-20210531-WA0001-1-768x1024.jpg\" alt=\"\" class=\"wp-image-14361\" style=\"width:111px;height:144px\" srcset=\"http:\/\/www.amaplaneteblanquefort.fr\/wordpress\/wp-content\/uploads\/2022\/01\/IMG-20210531-WA0001-1-768x1024.jpg 768w, http:\/\/www.amaplaneteblanquefort.fr\/wordpress\/wp-content\/uploads\/2022\/01\/IMG-20210531-WA0001-1-225x300.jpg 225w, http:\/\/www.amaplaneteblanquefort.fr\/wordpress\/wp-content\/uploads\/2022\/01\/IMG-20210531-WA0001-1-1152x1536.jpg 1152w, http:\/\/www.amaplaneteblanquefort.fr\/wordpress\/wp-content\/uploads\/2022\/01\/IMG-20210531-WA0001-1.jpg 1200w\" sizes=\"auto, (max-width: 768px) 100vw, 768px\" \/><\/a><\/figure>\n<\/div>\n\n\n<p><\/p>\n\n\n\n<p>Josie Riffaud est install\u00e9e en production florale depuis 1984. Au d\u00e9part, elle composait des bouquets de fleurs s\u00e9ch\u00e9es. Puis en 2015 elle est pass\u00e9e aux plantes m\u00e9dicinales.<\/p>\n\n\n\n<figure class=\"wp-block-image size-large is-resized\"><a href=\"http:\/\/www.amaplaneteblanquefort.fr\/wordpress\/wp-content\/uploads\/2022\/01\/20210531_110234-2-rotated.jpg\"><img loading=\"lazy\" decoding=\"async\" width=\"576\" height=\"1024\" src=\"http:\/\/www.amaplaneteblanquefort.fr\/wordpress\/wp-content\/uploads\/2022\/01\/20210531_110234-2-576x1024.jpg\" alt=\"\" class=\"wp-image-14358\" style=\"width:100px;height:166px\" srcset=\"http:\/\/www.amaplaneteblanquefort.fr\/wordpress\/wp-content\/uploads\/2022\/01\/20210531_110234-2-576x1024.jpg 576w, http:\/\/www.amaplaneteblanquefort.fr\/wordpress\/wp-content\/uploads\/2022\/01\/20210531_110234-2-169x300.jpg 169w, http:\/\/www.amaplaneteblanquefort.fr\/wordpress\/wp-content\/uploads\/2022\/01\/20210531_110234-2-768x1365.jpg 768w, http:\/\/www.amaplaneteblanquefort.fr\/wordpress\/wp-content\/uploads\/2022\/01\/20210531_110234-2-864x1536.jpg 864w, http:\/\/www.amaplaneteblanquefort.fr\/wordpress\/wp-content\/uploads\/2022\/01\/20210531_110234-2-1152x2048.jpg 1152w, http:\/\/www.amaplaneteblanquefort.fr\/wordpress\/wp-content\/uploads\/2022\/01\/20210531_110234-2-rotated.jpg 1296w\" sizes=\"auto, (max-width: 576px) 100vw, 576px\" \/><\/a><\/figure>\n\n\n\n<p>La ferme est men\u00e9e en agro\u00e9cologie paysanne&nbsp;: production, cueillette sauvage et transformation de plantes m\u00e9dicinales \u00e0 Romagne, dans l\u2019Entre Deux Mers, \u00e0 60 kms de Blanquefort. Elle est certifi\u00e9e A.B.<\/p>\n\n\n\n<p>Apr\u00e8s une formation d\u2019herboriste, Sandrine Loquet a travaill\u00e9 avec Josie pendant   2 ans.  en 2022 au d\u00e9part \u00e0 la retraite de Josie elle a repris l&rsquo;exploitation.<\/p>\n\n\n\n<p>Dans la composition des produits, entrent l\u2019huile de tournesol, et la cire d\u2019abeille. Ils ne sont pas issus de la Ferme aux Fleurs mais proviennent d\u2019exploitations partenaires, labellis\u00e9es bio, locales pour l\u2019huile, et d\u2019Ard\u00e8che pour la cire d\u2019abeille.<\/p>\n\n\n\n<p>Les produits sont essentiellement des hydrolats issus de la distillation en alambic, des mac\u00e9rats huileux et des baumes. Prochainement, elles pourront \u00e9galement proposer des mac\u00e9rats de bourgeons (gemmoth\u00e9rapie).<\/p>\n\n\n\n<figure class=\"wp-block-image size-large is-resized is-style-rounded\"><a href=\"http:\/\/www.amaplaneteblanquefort.fr\/wordpress\/wp-content\/uploads\/2022\/01\/20211008_153543-1.jpg\"><img loading=\"lazy\" decoding=\"async\" width=\"1024\" height=\"576\" src=\"http:\/\/www.amaplaneteblanquefort.fr\/wordpress\/wp-content\/uploads\/2022\/01\/20211008_153543-1-1024x576.jpg\" alt=\"\" class=\"wp-image-14360\" style=\"width:593px;height:331px\" srcset=\"http:\/\/www.amaplaneteblanquefort.fr\/wordpress\/wp-content\/uploads\/2022\/01\/20211008_153543-1-1024x576.jpg 1024w, http:\/\/www.amaplaneteblanquefort.fr\/wordpress\/wp-content\/uploads\/2022\/01\/20211008_153543-1-300x169.jpg 300w, http:\/\/www.amaplaneteblanquefort.fr\/wordpress\/wp-content\/uploads\/2022\/01\/20211008_153543-1-768x432.jpg 768w, http:\/\/www.amaplaneteblanquefort.fr\/wordpress\/wp-content\/uploads\/2022\/01\/20211008_153543-1-1536x864.jpg 1536w, http:\/\/www.amaplaneteblanquefort.fr\/wordpress\/wp-content\/uploads\/2022\/01\/20211008_153543-1-2048x1152.jpg 2048w\" sizes=\"auto, (max-width: 1024px) 100vw, 1024px\" \/><\/a><\/figure>\n\n\n\n<p>Il s\u2019agit d\u2019un contrat ponctuel, avec vraisemblablement 4 livraisons dans l\u2019ann\u00e9e, r\u00e9parties entre la fin de l\u2019hiver, mi-mai, l\u2019automne et d\u00e9but d\u00e9cembre.<\/p>\n","protected":false},"excerpt":{"rendered":"<p>Josie Riffaud est install\u00e9e en production florale depuis 1984. Au d\u00e9part, elle composait des bouquets de fleurs s\u00e9ch\u00e9es. Puis en 2015 elle est pass\u00e9e aux plantes m\u00e9dicinales. La ferme est men\u00e9e en agro\u00e9cologie paysanne&nbsp;: production, cueillette sauvage et transformation de plantes m\u00e9dicinales \u00e0 Romagne, dans l\u2019Entre Deux Mers, \u00e0 60 kms de Blanquefort. Elle est &hellip; <a href=\"http:\/\/www.amaplaneteblanquefort.fr\/wordpress\/2022\/01\/22\/presentation-de-la-ferme-aux-fleurs\/\" class=\"more-link\">Continuer la lecture de <span class=\"screen-reader-text\">Pr\u00e9sentation de la ferme aux fleurs<\/span> <span class=\"meta-nav\">&rarr;<\/span><\/a><\/p>\n","protected":false},"author":975,"featured_media":0,"comment_status":"closed","ping_status":"closed","sticky":false,"template":"","format":"standard","meta":{"footnotes":""},"categories":[47],"tags":[],"class_list":["post-14353","post","type-post","status-publish","format-standard","hentry","category-23-fleurs"],"_links":{"self":[{"href":"http:\/\/www.amaplaneteblanquefort.fr\/wordpress\/wp-json\/wp\/v2\/posts\/14353","targetHints":{"allow":["GET"]}}],"collection":[{"href":"http:\/\/www.amaplaneteblanquefort.fr\/wordpress\/wp-json\/wp\/v2\/posts"}],"about":[{"href":"http:\/\/www.amaplaneteblanquefort.fr\/wordpress\/wp-json\/wp\/v2\/types\/post"}],"author":[{"embeddable":true,"href":"http:\/\/www.amaplaneteblanquefort.fr\/wordpress\/wp-json\/wp\/v2\/users\/975"}],"replies":[{"embeddable":true,"href":"http:\/\/www.amaplaneteblanquefort.fr\/wordpress\/wp-json\/wp\/v2\/comments?post=14353"}],"version-history":[{"count":5,"href":"http:\/\/www.amaplaneteblanquefort.fr\/wordpress\/wp-json\/wp\/v2\/posts\/14353\/revisions"}],"predecessor-version":[{"id":14679,"href":"http:\/\/www.amaplaneteblanquefort.fr\/wordpress\/wp-json\/wp\/v2\/posts\/14353\/revisions\/14679"}],"wp:attachment":[{"href":"http:\/\/www.amaplaneteblanquefort.fr\/wordpress\/wp-json\/wp\/v2\/media?parent=14353"}],"wp:term":[{"taxonomy":"category","embeddable":true,"href":"http:\/\/www.amaplaneteblanquefort.fr\/wordpress\/wp-json\/wp\/v2\/categories?post=14353"},{"taxonomy":"post_tag","embeddable":true,"href":"http:\/\/www.amaplaneteblanquefort.fr\/wordpress\/wp-json\/wp\/v2\/tags?post=14353"}],"curies":[{"name":"wp","href":"https:\/\/api.w.org\/{rel}","templated":true}]}}