{"id":14346,"date":"2022-01-21T18:14:56","date_gmt":"2022-01-21T17:14:56","guid":{"rendered":"http:\/\/www.amaplaneteblanquefort.fr\/wordpress\/?p=14346"},"modified":"2022-01-21T20:12:09","modified_gmt":"2022-01-21T19:12:09","slug":"la-ferme-aux-fleurs","status":"publish","type":"post","link":"http:\/\/www.amaplaneteblanquefort.fr\/wordpress\/2022\/01\/21\/la-ferme-aux-fleurs\/","title":{"rendered":"la Ferme aux fleurs"},"content":{"rendered":"\n<p><\/p>\n\n\n\n<p class=\"has-text-color has-medium-font-size\" style=\"color:#a30a00\"><strong>Ferme men\u00e9e en agro\u00e9cologie paysanne<em> Production, transformation, cueillette sauvage&nbsp;de Plantes m\u00e9dicinales et  Fleurs&nbsp; pour bouquets secs.<\/em><\/strong><\/p>\n\n\n\n<p><strong><u>SUD\u2019ACTION<\/u><\/strong>: :&nbsp;&nbsp;&nbsp;30 ml&nbsp;&nbsp;spray Synergie d\u2019Eaux florales diminuant la transpiration et att\u00e9nuant les odeurs.<\/p>\n\n\n\n<p><strong><u>SYNERGIES D\u2019EAUX FLORALES REPULSIVES INSECTES.<\/u><\/strong><em> 250ml&nbsp;<\/em> Corps-Cheveux-V\u00eatements-Literie\u2026 Applicable aux enfants.&nbsp;<strong>\u00ab&nbsp;No Mosquito&nbsp;!&nbsp;\u00bb&nbsp; <u>&#8211;&nbsp; \u00ab&nbsp;STOP Poux\/Puces\/Acariens&nbsp;!&nbsp;\u00bb<\/u>&nbsp;<\/strong><\/p>\n\n\n\n<p><strong><u>HUILE&nbsp;: VISAGE<\/u>  &nbsp;&nbsp;&nbsp;&nbsp;50ml&nbsp;&nbsp; 100ml&nbsp; &nbsp;Toutes Peaux &#8211;&nbsp;Peaux juv\u00e9niles &nbsp;&#8211; Peaux matures &nbsp;&nbsp;<\/strong><\/p>\n\n\n\n<p><strong><u>HUILE&nbsp;:BEL-\u0152IL&nbsp;&nbsp; <\/u>&nbsp;10ml&nbsp;<\/strong> Synergie de mac\u00e9r\u00e2t huileux \u00e0 appliquer en contour des yeux (rides-cernes-poches)<\/p>\n\n\n\n<p><strong><u>HUILE: CONFORT,Muscles-Articulations<\/u><\/strong>. &nbsp;<strong>100ml&nbsp;<\/strong>Synergie de mac\u00e9r\u00e2t huileux pour massage.<\/p>\n\n\n\n<p><strong><u>HUILE: RESPIREZ&nbsp;!&nbsp;&nbsp; 50ml&nbsp;<\/u><\/strong>&nbsp;Synergie de mac\u00e9r\u00e2t huileux enrichie en huiles essentielles.<\/p>\n\n\n\n<p><strong><u>BAUME VISAGE &nbsp;Peaux Matures\/Peaux juv\u00e9niles<\/u><\/strong>.&nbsp; <strong>50ml 125ml<\/strong> Synergie de mac\u00e9r\u00e2ts adapt\u00e9s au soin du visage.<\/p>\n\n\n\n<p>&nbsp;<strong><u>Baume Mano-Mano.<\/u><\/strong> <strong>.&nbsp; <em>50ml 125ml<\/em><\/strong> Synergie de mac\u00e9r\u00e2ts pour r\u00e9parer les mains abim\u00e9es, les pieds secs, les \u00e9gratignures\u2026<\/p>\n\n\n\n<p><strong><u>KOUBOSS<\/u>&nbsp;:<\/strong> contre coup&nbsp;&nbsp;&nbsp; 10ml&nbsp;: Synergie de mac\u00e9r\u00e2ts huileux<\/p>\n\n\n\n<p class=\"has-light-brown-background-color has-background\"><strong><u>LOTIONS DE LA FERME <\/u><\/strong>200ml&nbsp; et &nbsp;Spray &nbsp;\u00e0 1 euro en suppl\u00e9ment<\/p>\n\n\n\n<p><strong>&nbsp;<\/strong><strong>Synergies d\u2019eaux florales \u00e0 vaporiser ou appliquer avec coton, lingette<\/strong>\u2026<\/p>\n\n\n\n<p><strong><em>&nbsp;<\/em><u>Visage<\/u><\/strong>: <em>eaux florales choisies pour leurs qualit\u00e9s nettoyantes, r\u00e9paratrices, hydratantes. &nbsp;&nbsp;&nbsp;&nbsp;&nbsp;&nbsp;&nbsp;&nbsp;&nbsp;&nbsp;&nbsp;&nbsp;&nbsp;&nbsp;&nbsp;Toutes peaux-Tous \u00e2ges.<\/em><\/p>\n\n\n\n<p><strong><u>Peaux Juv\u00e9niles<\/u><\/strong>&nbsp;: eaux florales choisies diminuer<em> les probl\u00e8mes de boutons, rougeurs\u2026<\/em><\/p>\n\n\n\n<p><em>&nbsp;<\/em><strong><u>Peaux Matures<\/u><\/strong>&nbsp;: eaux florales ciblant les probl\u00e8mes de vieillissement de la peau.<\/p>\n\n\n\n<p><strong>&nbsp;<u>Peaux Couperos\u00e9es<\/u><\/strong>&nbsp;: eaux florales choisies pour favoriser la micro circulation.<\/p>\n\n\n\n<p><strong><u>Bel \u0153il<\/u><\/strong><em>&nbsp;: <\/em>eauxflorales apaisantes pour les yeux fatigu\u00e9s, irrit\u00e9s, gonfl\u00e9s, cern\u00e9s\u2026<em><\/em><\/p>\n\n\n\n<p><strong><u>Bain de bouche<\/u><\/strong>&nbsp;<strong>: <\/strong>eaux florales favorisant une bonne hygi\u00e8ne buccale<strong>.<\/strong><\/p>\n\n\n\n<p><strong><u>Cheveux n\u00b01<\/u><\/strong>&nbsp;: eaux florales favorisant la qualit\u00e9 et l\u2019\u00e9clat de la chevelure<\/p>\n\n\n\n<p><strong><u>Cheveux n\u00b02<\/u><\/strong><em>&nbsp;: <\/em>eaux florales limitant les pellicules.<\/p>\n\n\n\n<p><strong>Cheveux n\u00b03<\/strong>&nbsp;:eaux florales favorisant la repousse des cheveux.<\/p>\n\n\n\n<p><strong><u>Apr\u00e8s-rasage<\/u><\/strong>: eaux f,lorales calmantes pour le feu du rasoir&nbsp; r\u00e9paratrices des micro coupures.<em><\/em><\/p>\n\n\n\n<p><strong><u>Grat-Grat<\/u><\/strong><strong>:<\/strong> : eaux florales calmantes pour les d\u00e9mangeaisons (peau, cuir chevelu..&nbsp;)<em><\/em><\/p>\n\n\n\n<p class=\"has-light-brown-background-color has-background\"><strong><u>BOISSONS DE LA FERME<\/u><\/strong><strong>.&nbsp;&nbsp;&nbsp; <\/strong>200ml&nbsp; &nbsp;&nbsp;<strong>Synergies d\u2019eaux florales \u00e0 boire.                          1 \u00e0 3 cuill\u00e8res \u00e0 soupe par jour dans un verre d\u2019eau.<\/strong><\/p>\n\n\n\n<p><strong><u>Energie matinale<\/u><\/strong>&nbsp;: eaux florales toniques pour donner un coup de fouet de bon matin&nbsp;!<\/p>\n\n\n\n<p><strong><u>D\u00e9tox<\/u><\/strong>&nbsp;: eaux florales r\u00e9put\u00e9es pour aider \u00e0 \u00e9liminer.<\/p>\n\n\n\n<p><strong><u>Dig\u00e9rez!<\/u><\/strong>&nbsp;: eaux florales favorisant la digestion.<\/p>\n\n\n\n<p><strong><u>Circulez!<\/u><\/strong><strong>&nbsp;<\/strong>: eaux florales r\u00e9put\u00e9es pour am\u00e9liorer la circulation sanguine, jambes lourdes\u2026<\/p>\n\n\n\n<p><strong><u>R\u00e9sistance!<\/u><\/strong>&nbsp;:eaux florales r\u00e9put\u00e9es pour renforcer les d\u00e9fenses immunitaires.<strong><\/strong><\/p>\n\n\n\n<p><strong><u>Respirez!<\/u><\/strong>&nbsp;: eaux florales r\u00e9put\u00e9es pour soulager les voies respiratoires encombr\u00e9es.<\/p>\n\n\n\n<p><strong><u>Gorge en feu<\/u><\/strong>! : eaux florales r\u00e9put\u00e9es pour soulager les gorges irrit\u00e9es.<\/p>\n\n\n\n<p><strong><u>D\u00e9tente\/Sommeil<\/u><\/strong>&nbsp;: eaux florales r\u00e9put\u00e9es pour leurs vertus apaisantes.<\/p>\n\n\n\n<p><strong><u>Confort Muscles Articulation<\/u><\/strong><strong>.<\/strong> eaux florales r\u00e9put\u00e9es pour calmer les douleurs.<\/p>\n\n\n\n<p><strong><u>Confort F\u00e9minin n\u00b01<\/u><\/strong><strong>:<\/strong>eaux florales r\u00e9put\u00e9es pour aider lors des probl\u00e8mes li\u00e9s au cycle.<\/p>\n\n\n\n<p><strong><u>Confort F\u00e9minin n\u00b02<\/u><\/strong><strong><u>:<\/u><\/strong>eaux florales r\u00e9put\u00e9es pour aider lors des d\u00e9sagr\u00e9ments li\u00e9s \u00e0 la maturit\u00e9.<\/p>\n\n\n\n<p><strong><u>T\u00eate<\/u><\/strong> <strong>en feu<\/strong><strong>&nbsp;!<\/strong> eaux florales r\u00e9put\u00e9es pour apaiser les maux de t\u00eate.<\/p>\n\n\n\n<p><\/p>\n","protected":false},"excerpt":{"rendered":"<p>Ferme men\u00e9e en agro\u00e9cologie paysanne Production, transformation, cueillette sauvage&nbsp;de Plantes m\u00e9dicinales et Fleurs&nbsp; pour bouquets secs. SUD\u2019ACTION: :&nbsp;&nbsp;&nbsp;30 ml&nbsp;&nbsp;spray Synergie d\u2019Eaux florales diminuant la transpiration et att\u00e9nuant les odeurs. SYNERGIES D\u2019EAUX FLORALES REPULSIVES INSECTES. 250ml&nbsp; Corps-Cheveux-V\u00eatements-Literie\u2026 Applicable aux enfants.&nbsp;\u00ab&nbsp;No Mosquito&nbsp;!&nbsp;\u00bb&nbsp; &#8211;&nbsp; \u00ab&nbsp;STOP Poux\/Puces\/Acariens&nbsp;!&nbsp;\u00bb&nbsp; HUILE&nbsp;: VISAGE &nbsp;&nbsp;&nbsp;&nbsp;50ml&nbsp;&nbsp; 100ml&nbsp; &nbsp;Toutes Peaux &#8211;&nbsp;Peaux juv\u00e9niles &nbsp;&#8211; Peaux matures &nbsp;&nbsp; &hellip; <a href=\"http:\/\/www.amaplaneteblanquefort.fr\/wordpress\/2022\/01\/21\/la-ferme-aux-fleurs\/\" class=\"more-link\">Continuer la lecture de <span class=\"screen-reader-text\">la Ferme aux fleurs<\/span> <span class=\"meta-nav\">&rarr;<\/span><\/a><\/p>\n","protected":false},"author":975,"featured_media":0,"comment_status":"closed","ping_status":"open","sticky":false,"template":"","format":"standard","meta":{"footnotes":""},"categories":[47],"tags":[],"class_list":["post-14346","post","type-post","status-publish","format-standard","hentry","category-23-fleurs"],"_links":{"self":[{"href":"http:\/\/www.amaplaneteblanquefort.fr\/wordpress\/wp-json\/wp\/v2\/posts\/14346","targetHints":{"allow":["GET"]}}],"collection":[{"href":"http:\/\/www.amaplaneteblanquefort.fr\/wordpress\/wp-json\/wp\/v2\/posts"}],"about":[{"href":"http:\/\/www.amaplaneteblanquefort.fr\/wordpress\/wp-json\/wp\/v2\/types\/post"}],"author":[{"embeddable":true,"href":"http:\/\/www.amaplaneteblanquefort.fr\/wordpress\/wp-json\/wp\/v2\/users\/975"}],"replies":[{"embeddable":true,"href":"http:\/\/www.amaplaneteblanquefort.fr\/wordpress\/wp-json\/wp\/v2\/comments?post=14346"}],"version-history":[{"count":2,"href":"http:\/\/www.amaplaneteblanquefort.fr\/wordpress\/wp-json\/wp\/v2\/posts\/14346\/revisions"}],"predecessor-version":[{"id":14351,"href":"http:\/\/www.amaplaneteblanquefort.fr\/wordpress\/wp-json\/wp\/v2\/posts\/14346\/revisions\/14351"}],"wp:attachment":[{"href":"http:\/\/www.amaplaneteblanquefort.fr\/wordpress\/wp-json\/wp\/v2\/media?parent=14346"}],"wp:term":[{"taxonomy":"category","embeddable":true,"href":"http:\/\/www.amaplaneteblanquefort.fr\/wordpress\/wp-json\/wp\/v2\/categories?post=14346"},{"taxonomy":"post_tag","embeddable":true,"href":"http:\/\/www.amaplaneteblanquefort.fr\/wordpress\/wp-json\/wp\/v2\/tags?post=14346"}],"curies":[{"name":"wp","href":"https:\/\/api.w.org\/{rel}","templated":true}]}}