{"id":1363,"date":"2013-04-15T15:15:10","date_gmt":"2013-04-15T13:15:10","guid":{"rendered":"http:\/\/www.amaplaneteblanquefort.fr\/wordpress\/?p=1363"},"modified":"2013-04-15T15:11:52","modified_gmt":"2013-04-15T13:11:52","slug":"le-nouveau-contrat-miel-2013","status":"publish","type":"post","link":"http:\/\/www.amaplaneteblanquefort.fr\/wordpress\/2013\/04\/15\/le-nouveau-contrat-miel-2013\/","title":{"rendered":"La livraison de miel de jeudi 18 avril 2013"},"content":{"rendered":"<p><a href=\"http:\/\/www.amaplaneteblanquefort.fr\/wordpress\/wp-content\/uploads\/2013\/04\/P1220999.jpg\"><img loading=\"lazy\" decoding=\"async\" class=\"alignleft size-medium wp-image-1917\" alt=\"P1220999\" src=\"http:\/\/www.amaplaneteblanquefort.fr\/wordpress\/wp-content\/uploads\/2013\/04\/P1220999-300x199.jpg\" width=\"300\" height=\"199\" srcset=\"http:\/\/www.amaplaneteblanquefort.fr\/wordpress\/wp-content\/uploads\/2013\/04\/P1220999-300x199.jpg 300w, http:\/\/www.amaplaneteblanquefort.fr\/wordpress\/wp-content\/uploads\/2013\/04\/P1220999.jpg 800w\" sizes=\"auto, (max-width: 300px) 100vw, 300px\" \/><\/a><\/p>\n<h2>\u00a0La\u00a0 livraison de miel a lieu ce jeudi 18 avril aux horaires habituels.<\/h2>\n<h2>Si vous n&rsquo;avez pas souscrit le nouveau contrat, ce sera encore possible ce soir l\u00e0,<\/h2>\n<h2>afin de profiter de la prochaine livraison.<\/h2>\n<p>&nbsp;<\/p>\n<h3><\/h3>\n<p>&nbsp;<\/p>\n<h3>N&rsquo;oubliez pas de t\u00e9l\u00e9charger le document ci-dessous, l&rsquo;imprimer et le compl\u00e9ter.<\/h3>\n<h2><a href=\"http:\/\/www.amaplaneteblanquefort.fr\/wordpress\/wp-content\/uploads\/2013\/01\/MIEL-contrat-2013-.pdf\">MIEL contrat 2013<\/a><\/h2>\n<p>&nbsp;<\/p>\n<h3>Vos coordinatrices, Sabine et Jo\u00eblle<\/h3>\n<h2><\/h2>\n<p>&nbsp;<\/p>\n","protected":false},"excerpt":{"rendered":"<p>\u00a0La\u00a0 livraison de miel a lieu ce jeudi 18 avril aux horaires habituels. Si vous n&rsquo;avez pas souscrit le nouveau contrat, ce sera encore possible ce soir l\u00e0, afin de profiter de la prochaine livraison. &nbsp; &nbsp; N&rsquo;oubliez pas de t\u00e9l\u00e9charger le document ci-dessous, l&rsquo;imprimer et le compl\u00e9ter. MIEL contrat 2013 &nbsp; Vos coordinatrices, Sabine &hellip; <a href=\"http:\/\/www.amaplaneteblanquefort.fr\/wordpress\/2013\/04\/15\/le-nouveau-contrat-miel-2013\/\" class=\"more-link\">Continuer la lecture de <span class=\"screen-reader-text\">La livraison de miel de jeudi 18 avril 2013<\/span> <span class=\"meta-nav\">&rarr;<\/span><\/a><\/p>\n","protected":false},"author":1,"featured_media":0,"comment_status":"open","ping_status":"open","sticky":false,"template":"","format":"standard","meta":{"footnotes":""},"categories":[24],"tags":[],"class_list":["post-1363","post","type-post","status-publish","format-standard","hentry","category-12-miel"],"_links":{"self":[{"href":"http:\/\/www.amaplaneteblanquefort.fr\/wordpress\/wp-json\/wp\/v2\/posts\/1363","targetHints":{"allow":["GET"]}}],"collection":[{"href":"http:\/\/www.amaplaneteblanquefort.fr\/wordpress\/wp-json\/wp\/v2\/posts"}],"about":[{"href":"http:\/\/www.amaplaneteblanquefort.fr\/wordpress\/wp-json\/wp\/v2\/types\/post"}],"author":[{"embeddable":true,"href":"http:\/\/www.amaplaneteblanquefort.fr\/wordpress\/wp-json\/wp\/v2\/users\/1"}],"replies":[{"embeddable":true,"href":"http:\/\/www.amaplaneteblanquefort.fr\/wordpress\/wp-json\/wp\/v2\/comments?post=1363"}],"version-history":[{"count":21,"href":"http:\/\/www.amaplaneteblanquefort.fr\/wordpress\/wp-json\/wp\/v2\/posts\/1363\/revisions"}],"predecessor-version":[{"id":1377,"href":"http:\/\/www.amaplaneteblanquefort.fr\/wordpress\/wp-json\/wp\/v2\/posts\/1363\/revisions\/1377"}],"wp:attachment":[{"href":"http:\/\/www.amaplaneteblanquefort.fr\/wordpress\/wp-json\/wp\/v2\/media?parent=1363"}],"wp:term":[{"taxonomy":"category","embeddable":true,"href":"http:\/\/www.amaplaneteblanquefort.fr\/wordpress\/wp-json\/wp\/v2\/categories?post=1363"},{"taxonomy":"post_tag","embeddable":true,"href":"http:\/\/www.amaplaneteblanquefort.fr\/wordpress\/wp-json\/wp\/v2\/tags?post=1363"}],"curies":[{"name":"wp","href":"https:\/\/api.w.org\/{rel}","templated":true}]}}