{"id":1286,"date":"2013-01-13T18:50:29","date_gmt":"2013-01-13T17:50:29","guid":{"rendered":"http:\/\/www.amaplaneteblanquefort.fr\/wordpress\/?p=1286"},"modified":"2014-02-06T20:09:40","modified_gmt":"2014-02-06T19:09:40","slug":"assemblee-generale-du-10-janvier-2013","status":"publish","type":"post","link":"http:\/\/www.amaplaneteblanquefort.fr\/wordpress\/2013\/01\/13\/assemblee-generale-du-10-janvier-2013\/","title":{"rendered":"AG du 10 janvier 2013 et Bulletin d&rsquo;adh\u00e9sion"},"content":{"rendered":"<p>L&rsquo; Assembl\u00e9e G\u00e9n\u00e9rale de notre AMAP a eu lieu le 10 janvier 2013. Vous recevrez prochainement le Proc\u00e8s-Verbal de cette r\u00e9union. Vous pouvez d&rsquo;ores et d\u00e9j\u00e0 prendre connaissance de la constitution du nouveau Bureau en cliquant sur la page \u00ab\u00a0<a title=\"Qui sommes nous ?\" href=\"http:\/\/www.amaplaneteblanquefort.fr\/wordpress\/?page_id=2\">Qui sommes-nous<\/a> ?\u00a0\u00bb.<\/p>\n<p>Et si vous avez \u00e9gar\u00e9 le message comportant le bulletin d&rsquo;adh\u00e9sion 2013, vous pourrez l&rsquo;obtenir en cliquant sur le lien suivant.<\/p>\n<p><a href=\"http:\/\/www.amaplaneteblanquefort.fr\/wordpress\/?attachment_id=1349\" rel=\"attachment wp-att-1349\">AMAPlan\u00e8te Adh\u00e9sion2013<\/a><\/p>\n<p>A bient\u00f4t !<\/p>\n<p>La Coordination G\u00e9n\u00e9rale<\/p>\n","protected":false},"excerpt":{"rendered":"<p>L&rsquo; Assembl\u00e9e G\u00e9n\u00e9rale de notre AMAP a eu lieu le 10 janvier 2013. Vous recevrez prochainement le Proc\u00e8s-Verbal de cette r\u00e9union. Vous pouvez d&rsquo;ores et d\u00e9j\u00e0 prendre connaissance de la constitution du nouveau Bureau en cliquant sur la page \u00ab\u00a0Qui sommes-nous ?\u00a0\u00bb. Et si vous avez \u00e9gar\u00e9 le message comportant le bulletin d&rsquo;adh\u00e9sion 2013, vous &hellip; <a href=\"http:\/\/www.amaplaneteblanquefort.fr\/wordpress\/2013\/01\/13\/assemblee-generale-du-10-janvier-2013\/\" class=\"more-link\">Continuer la lecture de <span class=\"screen-reader-text\">AG du 10 janvier 2013 et Bulletin d&rsquo;adh\u00e9sion<\/span> <span class=\"meta-nav\">&rarr;<\/span><\/a><\/p>\n","protected":false},"author":1,"featured_media":0,"comment_status":"open","ping_status":"open","sticky":false,"template":"","format":"standard","meta":{"footnotes":""},"categories":[33],"tags":[],"class_list":["post-1286","post","type-post","status-publish","format-standard","hentry","category-b-la-conduite-de-lassociation"],"_links":{"self":[{"href":"http:\/\/www.amaplaneteblanquefort.fr\/wordpress\/wp-json\/wp\/v2\/posts\/1286","targetHints":{"allow":["GET"]}}],"collection":[{"href":"http:\/\/www.amaplaneteblanquefort.fr\/wordpress\/wp-json\/wp\/v2\/posts"}],"about":[{"href":"http:\/\/www.amaplaneteblanquefort.fr\/wordpress\/wp-json\/wp\/v2\/types\/post"}],"author":[{"embeddable":true,"href":"http:\/\/www.amaplaneteblanquefort.fr\/wordpress\/wp-json\/wp\/v2\/users\/1"}],"replies":[{"embeddable":true,"href":"http:\/\/www.amaplaneteblanquefort.fr\/wordpress\/wp-json\/wp\/v2\/comments?post=1286"}],"version-history":[{"count":7,"href":"http:\/\/www.amaplaneteblanquefort.fr\/wordpress\/wp-json\/wp\/v2\/posts\/1286\/revisions"}],"predecessor-version":[{"id":1640,"href":"http:\/\/www.amaplaneteblanquefort.fr\/wordpress\/wp-json\/wp\/v2\/posts\/1286\/revisions\/1640"}],"wp:attachment":[{"href":"http:\/\/www.amaplaneteblanquefort.fr\/wordpress\/wp-json\/wp\/v2\/media?parent=1286"}],"wp:term":[{"taxonomy":"category","embeddable":true,"href":"http:\/\/www.amaplaneteblanquefort.fr\/wordpress\/wp-json\/wp\/v2\/categories?post=1286"},{"taxonomy":"post_tag","embeddable":true,"href":"http:\/\/www.amaplaneteblanquefort.fr\/wordpress\/wp-json\/wp\/v2\/tags?post=1286"}],"curies":[{"name":"wp","href":"https:\/\/api.w.org\/{rel}","templated":true}]}}