{"id":1171,"date":"2012-12-17T08:50:03","date_gmt":"2012-12-17T07:50:03","guid":{"rendered":"http:\/\/www.amaplaneteblanquefort.fr\/wordpress\/?p=1171"},"modified":"2012-12-23T18:54:05","modified_gmt":"2012-12-23T17:54:05","slug":"la-fete-de-noel-chez-nos-bergers","status":"publish","type":"post","link":"http:\/\/www.amaplaneteblanquefort.fr\/wordpress\/2012\/12\/17\/la-fete-de-noel-chez-nos-bergers\/","title":{"rendered":"la fete de Noel chez nos bergers"},"content":{"rendered":"<p><a href=\"http:\/\/www.amaplaneteblanquefort.fr\/wordpress\/?attachment_id=1176\" rel=\"attachment wp-att-1176\"><img loading=\"lazy\" decoding=\"async\" class=\"aligncenter size-medium wp-image-1176\" alt=\"bergerie\" src=\"http:\/\/www.amaplaneteblanquefort.fr\/wordpress\/wp-content\/uploads\/2012\/12\/bergerie-300x192.jpg\" width=\"300\" height=\"192\" srcset=\"http:\/\/www.amaplaneteblanquefort.fr\/wordpress\/wp-content\/uploads\/2012\/12\/bergerie-300x192.jpg 300w, http:\/\/www.amaplaneteblanquefort.fr\/wordpress\/wp-content\/uploads\/2012\/12\/bergerie.jpg 1024w\" sizes=\"auto, (max-width: 300px) 100vw, 300px\" \/><\/a> <a href=\"http:\/\/www.amaplaneteblanquefort.fr\/wordpress\/?attachment_id=1177\" rel=\"attachment wp-att-1177\"><img loading=\"lazy\" decoding=\"async\" class=\"aligncenter size-medium wp-image-1177\" alt=\"restauration\" src=\"http:\/\/www.amaplaneteblanquefort.fr\/wordpress\/wp-content\/uploads\/2012\/12\/restauration-300x225.jpg\" width=\"300\" height=\"225\" srcset=\"http:\/\/www.amaplaneteblanquefort.fr\/wordpress\/wp-content\/uploads\/2012\/12\/restauration-300x225.jpg 300w, http:\/\/www.amaplaneteblanquefort.fr\/wordpress\/wp-content\/uploads\/2012\/12\/restauration.jpg 1024w\" sizes=\"auto, (max-width: 300px) 100vw, 300px\" \/><\/a> <a href=\"http:\/\/www.amaplaneteblanquefort.fr\/wordpress\/?attachment_id=1178\" rel=\"attachment wp-att-1178\"><img loading=\"lazy\" decoding=\"async\" class=\"aligncenter size-medium wp-image-1178\" alt=\"stand Domi 2\" src=\"http:\/\/www.amaplaneteblanquefort.fr\/wordpress\/wp-content\/uploads\/2012\/12\/stand-Domi-2-300x225.jpg\" width=\"300\" height=\"225\" srcset=\"http:\/\/www.amaplaneteblanquefort.fr\/wordpress\/wp-content\/uploads\/2012\/12\/stand-Domi-2-300x225.jpg 300w, http:\/\/www.amaplaneteblanquefort.fr\/wordpress\/wp-content\/uploads\/2012\/12\/stand-Domi-2.jpg 1024w\" sizes=\"auto, (max-width: 300px) 100vw, 300px\" \/><\/a>Dimanche 16 d\u00e9cembre Pascal et Dominique nos bergers ont organis\u00e9 une f\u00eate tr\u00e8s r\u00e9ussie ; pour plus de d\u00e9tails vous pouvez consulter l&rsquo;article de Sud Ouest en suivant le Lien :<\/p>\n<p><a title=\"article de sud ouest sur la fete des bergers\" href=\"http:\/\/www.sudouest.fr\/2012\/12\/15\/la-creche-vivante-des-bergers-910159-3078.php\">http:\/\/www.sudouest.fr\/2012\/12\/15\/la-creche-vivante-des-bergers-910159-3078.php<\/a><\/p>\n<p>&nbsp;<\/p>\n","protected":false},"excerpt":{"rendered":"<p>Dimanche 16 d\u00e9cembre Pascal et Dominique nos bergers ont organis\u00e9 une f\u00eate tr\u00e8s r\u00e9ussie ; pour plus de d\u00e9tails vous pouvez consulter l&rsquo;article de Sud Ouest en suivant le Lien : http:\/\/www.sudouest.fr\/2012\/12\/15\/la-creche-vivante-des-bergers-910159-3078.php &nbsp;<\/p>\n","protected":false},"author":17,"featured_media":0,"comment_status":"open","ping_status":"open","sticky":false,"template":"","format":"standard","meta":{"footnotes":""},"categories":[8],"tags":[],"class_list":["post-1171","post","type-post","status-publish","format-standard","hentry","category-04-agneau"],"_links":{"self":[{"href":"http:\/\/www.amaplaneteblanquefort.fr\/wordpress\/wp-json\/wp\/v2\/posts\/1171","targetHints":{"allow":["GET"]}}],"collection":[{"href":"http:\/\/www.amaplaneteblanquefort.fr\/wordpress\/wp-json\/wp\/v2\/posts"}],"about":[{"href":"http:\/\/www.amaplaneteblanquefort.fr\/wordpress\/wp-json\/wp\/v2\/types\/post"}],"author":[{"embeddable":true,"href":"http:\/\/www.amaplaneteblanquefort.fr\/wordpress\/wp-json\/wp\/v2\/users\/17"}],"replies":[{"embeddable":true,"href":"http:\/\/www.amaplaneteblanquefort.fr\/wordpress\/wp-json\/wp\/v2\/comments?post=1171"}],"version-history":[{"count":9,"href":"http:\/\/www.amaplaneteblanquefort.fr\/wordpress\/wp-json\/wp\/v2\/posts\/1171\/revisions"}],"predecessor-version":[{"id":1194,"href":"http:\/\/www.amaplaneteblanquefort.fr\/wordpress\/wp-json\/wp\/v2\/posts\/1171\/revisions\/1194"}],"wp:attachment":[{"href":"http:\/\/www.amaplaneteblanquefort.fr\/wordpress\/wp-json\/wp\/v2\/media?parent=1171"}],"wp:term":[{"taxonomy":"category","embeddable":true,"href":"http:\/\/www.amaplaneteblanquefort.fr\/wordpress\/wp-json\/wp\/v2\/categories?post=1171"},{"taxonomy":"post_tag","embeddable":true,"href":"http:\/\/www.amaplaneteblanquefort.fr\/wordpress\/wp-json\/wp\/v2\/tags?post=1171"}],"curies":[{"name":"wp","href":"https:\/\/api.w.org\/{rel}","templated":true}]}}