{"id":11405,"date":"2021-10-29T19:32:22","date_gmt":"2021-10-29T17:32:22","guid":{"rendered":"http:\/\/www.amaplaneteblanquefort.fr\/wordpress\/?p=11405"},"modified":"2021-11-02T22:45:17","modified_gmt":"2021-11-02T21:45:17","slug":"quest-ce-quune-amap","status":"publish","type":"post","link":"http:\/\/www.amaplaneteblanquefort.fr\/wordpress\/2021\/10\/29\/quest-ce-quune-amap\/","title":{"rendered":"Qu&rsquo;est ce qu&rsquo;une AMAP ?"},"content":{"rendered":"\n<p>Les <strong>A<\/strong>ssociation pour le\u00a0<strong>M<\/strong>aintien de l\u2019<strong>A<\/strong>griculture\u00a0<strong>P<\/strong>aysanne cr\u00e9ent un lien direct  sans interm\u00e9diaire entre producteur et consommateur qui s&rsquo;engage \u00e0 acheter la production de celui-ci \u00e0 un prix \u00e9quitable et en payant \u00e0 l&rsquo;avance.<\/p>\n\n\n\n<p>L&rsquo;amap permet de d\u00e9couvrir agr\u00e9ablement de nouveaux produits, d&rsquo;appr\u00e9cier les b\u00e9n\u00e9fices environnementaux d&rsquo;une nourriture qui n&rsquo;a pas parcouru des centaines de kilom\u00e8tres,  avec moins d&#8217;emballage, issu d&rsquo;une agriculture prot\u00e9geant les sols et l&rsquo;eau, moins polluante et moins \u00ab\u00a0\u00e9nergivore\u00a0\u00bb<\/p>\n\n\n\n<p>Une autre fa\u00e7on de consommer, une&nbsp;<strong>CONSOMMAC\u2019TION<\/strong> :<\/p>\n\n\n\n<ul class=\"wp-block-list\"><li>Une consommation&nbsp;<strong>locale&nbsp;<\/strong>majoritairement en \u00ab\u00a0culture biologique\u00a0\u00bb<\/li><li>Une consommation&nbsp;<strong>au rythme des saisons<\/strong>&nbsp;et dans le <strong>respect<\/strong> du <strong>rythme des animaux <\/strong><\/li><li>Une consommation&nbsp;reli\u00e9e&nbsp;aux al\u00e9as des&nbsp;<strong>contraintes climatiques<\/strong>&nbsp;: temp\u00eates sur le bassin d\u2019Arcachon emp\u00eachant le p\u00eacheur de sortir en mer, inondations<\/li><li>Une&nbsp;<strong>grande vari\u00e9t\u00e9<\/strong>&nbsp;de produits&nbsp;: l\u00e9gumes \u00ab&nbsp; classiques&nbsp;\u00bb, asperges, champignons, kiwis, pommes, fruits d\u2019\u00e9t\u00e9 et transform\u00e9s sur l\u2019exploitation, viandes rouges et blanches, poissons, pain, produits m\u00e9nagers \u00e0 base de cendre \u2026&nbsp;<\/li><li>Des&nbsp;<strong>prix justes<\/strong>, pour une production socialement&nbsp;<strong>\u00e9quitable&nbsp;<\/strong>et&nbsp;<strong>\u00e9cologiquement saine<\/strong><\/li><\/ul>\n\n\n\n<p>Comment devient on amapien ?  <\/p>\n\n\n\n<ul class=\"wp-block-list\"><li>en adh\u00e9rant \u00e0 l&rsquo;association<\/li><li>en souscrivant \u00e0 un contrat minimum (Un producteur = Un contrat)<\/li><li>en venant retirer son \u00ab\u00a0panier\u00a0\u00bb\u00a0<strong>le jeudi de 18 h 45 \u00e0 19 h 45 \u00e0 la Vacherie<\/strong>, 44 Parc de Majolan, 33290 Blanquefort<\/li><\/ul>\n","protected":false},"excerpt":{"rendered":"<p>Les Association pour le\u00a0Maintien de l\u2019Agriculture\u00a0Paysanne cr\u00e9ent un lien direct sans interm\u00e9diaire entre producteur et consommateur qui s&rsquo;engage \u00e0 acheter la production de celui-ci \u00e0 un prix \u00e9quitable et en payant \u00e0 l&rsquo;avance. L&rsquo;amap permet de d\u00e9couvrir agr\u00e9ablement de nouveaux produits, d&rsquo;appr\u00e9cier les b\u00e9n\u00e9fices environnementaux d&rsquo;une nourriture qui n&rsquo;a pas parcouru des centaines de kilom\u00e8tres, &hellip; <a href=\"http:\/\/www.amaplaneteblanquefort.fr\/wordpress\/2021\/10\/29\/quest-ce-quune-amap\/\" class=\"more-link\">Continuer la lecture de <span class=\"screen-reader-text\">Qu&rsquo;est ce qu&rsquo;une AMAP ?<\/span> <span class=\"meta-nav\">&rarr;<\/span><\/a><\/p>\n","protected":false},"author":1,"featured_media":0,"comment_status":"open","ping_status":"open","sticky":true,"template":"","format":"standard","meta":{"footnotes":""},"categories":[1],"tags":[],"class_list":["post-11405","post","type-post","status-publish","format-standard","hentry","category-non-classe"],"_links":{"self":[{"href":"http:\/\/www.amaplaneteblanquefort.fr\/wordpress\/wp-json\/wp\/v2\/posts\/11405","targetHints":{"allow":["GET"]}}],"collection":[{"href":"http:\/\/www.amaplaneteblanquefort.fr\/wordpress\/wp-json\/wp\/v2\/posts"}],"about":[{"href":"http:\/\/www.amaplaneteblanquefort.fr\/wordpress\/wp-json\/wp\/v2\/types\/post"}],"author":[{"embeddable":true,"href":"http:\/\/www.amaplaneteblanquefort.fr\/wordpress\/wp-json\/wp\/v2\/users\/1"}],"replies":[{"embeddable":true,"href":"http:\/\/www.amaplaneteblanquefort.fr\/wordpress\/wp-json\/wp\/v2\/comments?post=11405"}],"version-history":[{"count":9,"href":"http:\/\/www.amaplaneteblanquefort.fr\/wordpress\/wp-json\/wp\/v2\/posts\/11405\/revisions"}],"predecessor-version":[{"id":11481,"href":"http:\/\/www.amaplaneteblanquefort.fr\/wordpress\/wp-json\/wp\/v2\/posts\/11405\/revisions\/11481"}],"wp:attachment":[{"href":"http:\/\/www.amaplaneteblanquefort.fr\/wordpress\/wp-json\/wp\/v2\/media?parent=11405"}],"wp:term":[{"taxonomy":"category","embeddable":true,"href":"http:\/\/www.amaplaneteblanquefort.fr\/wordpress\/wp-json\/wp\/v2\/categories?post=11405"},{"taxonomy":"post_tag","embeddable":true,"href":"http:\/\/www.amaplaneteblanquefort.fr\/wordpress\/wp-json\/wp\/v2\/tags?post=11405"}],"curies":[{"name":"wp","href":"https:\/\/api.w.org\/{rel}","templated":true}]}}