{"id":10755,"date":"2021-03-05T20:06:22","date_gmt":"2021-03-05T19:06:22","guid":{"rendered":"http:\/\/www.amaplaneteblanquefort.fr\/wordpress\/?p=10755"},"modified":"2021-03-08T20:43:35","modified_gmt":"2021-03-08T19:43:35","slug":"les-asperges-sont-de-retour-2","status":"publish","type":"post","link":"http:\/\/www.amaplaneteblanquefort.fr\/wordpress\/2021\/03\/05\/les-asperges-sont-de-retour-2\/","title":{"rendered":"Les asperges sont de retour !"},"content":{"rendered":"\n<figure class=\"wp-block-image size-large\"><a href=\"http:\/\/www.amaplaneteblanquefort.fr\/wordpress\/wp-content\/uploads\/2019\/03\/Sans-titre-3.png\"><img decoding=\"async\" src=\"http:\/\/www.amaplaneteblanquefort.fr\/wordpress\/wp-content\/uploads\/2019\/03\/Sans-titre-3.png\" alt=\"\" class=\"wp-image-8800\"\/><\/a><\/figure>\n\n\n\n<p>Donna HARVEY nous propose des asperges bio qu\u2019elle cultive avec son mari \u00e0 Saucats. Elle approvisionne depuis plusieurs ann\u00e9es des amap et des march\u00e9s.<\/p>\n\n\n\n<p>Profitez-en, la saison est courte.<\/p>\n\n\n\n<p>Le contrat est sur AMAP J. Vous pouvez souscrire jusqu\u2019au 30 mars.<\/p>\n\n\n\n<p><em>R\u00e9ception des ch\u00e8ques  le 11 et le 25 Mars<\/em><\/p>\n\n\n\n<p>les coordinatrices Dany et Evelyne<\/p>\n","protected":false},"excerpt":{"rendered":"<p>Donna HARVEY nous propose des asperges bio qu\u2019elle cultive avec son mari \u00e0 Saucats. Elle approvisionne depuis plusieurs ann\u00e9es des amap et des march\u00e9s. Profitez-en, la saison est courte. Le contrat est sur AMAP J. Vous pouvez souscrire jusqu\u2019au 30 mars. R\u00e9ception des ch\u00e8ques le 11 et le 25 Mars les coordinatrices Dany et Evelyne<\/p>\n","protected":false},"author":7,"featured_media":0,"comment_status":"open","ping_status":"open","sticky":false,"template":"","format":"standard","meta":{"footnotes":""},"categories":[36,1],"tags":[],"class_list":["post-10755","post","type-post","status-publish","format-standard","hentry","category-asperges","category-non-classe"],"_links":{"self":[{"href":"http:\/\/www.amaplaneteblanquefort.fr\/wordpress\/wp-json\/wp\/v2\/posts\/10755","targetHints":{"allow":["GET"]}}],"collection":[{"href":"http:\/\/www.amaplaneteblanquefort.fr\/wordpress\/wp-json\/wp\/v2\/posts"}],"about":[{"href":"http:\/\/www.amaplaneteblanquefort.fr\/wordpress\/wp-json\/wp\/v2\/types\/post"}],"author":[{"embeddable":true,"href":"http:\/\/www.amaplaneteblanquefort.fr\/wordpress\/wp-json\/wp\/v2\/users\/7"}],"replies":[{"embeddable":true,"href":"http:\/\/www.amaplaneteblanquefort.fr\/wordpress\/wp-json\/wp\/v2\/comments?post=10755"}],"version-history":[{"count":3,"href":"http:\/\/www.amaplaneteblanquefort.fr\/wordpress\/wp-json\/wp\/v2\/posts\/10755\/revisions"}],"predecessor-version":[{"id":10776,"href":"http:\/\/www.amaplaneteblanquefort.fr\/wordpress\/wp-json\/wp\/v2\/posts\/10755\/revisions\/10776"}],"wp:attachment":[{"href":"http:\/\/www.amaplaneteblanquefort.fr\/wordpress\/wp-json\/wp\/v2\/media?parent=10755"}],"wp:term":[{"taxonomy":"category","embeddable":true,"href":"http:\/\/www.amaplaneteblanquefort.fr\/wordpress\/wp-json\/wp\/v2\/categories?post=10755"},{"taxonomy":"post_tag","embeddable":true,"href":"http:\/\/www.amaplaneteblanquefort.fr\/wordpress\/wp-json\/wp\/v2\/tags?post=10755"}],"curies":[{"name":"wp","href":"https:\/\/api.w.org\/{rel}","templated":true}]}}