{"id":1075,"date":"2013-09-16T20:55:43","date_gmt":"2013-09-16T18:55:43","guid":{"rendered":"http:\/\/www.amaplaneteblanquefort.fr\/wordpress\/?p=1075"},"modified":"2013-09-16T21:13:54","modified_gmt":"2013-09-16T19:13:54","slug":"fromage-de-brebis-le-contrat-2013","status":"publish","type":"post","link":"http:\/\/www.amaplaneteblanquefort.fr\/wordpress\/2013\/09\/16\/fromage-de-brebis-le-contrat-2013\/","title":{"rendered":"Fromage de brebis, le contrat 2013"},"content":{"rendered":"<h2><\/h2>\n<h2>Vous pouvez souscrire le contrat pour la p\u00e9riode d&rsquo;octobre \u00e0 d\u00e9cembre 2013<\/h2>\n<p>&nbsp;<\/p>\n<h2><span style=\"color: #ff6600;\">les jeudi 19 septembre et jeudi 26 septembre, pour une premi\u00e8re livraison le jeudi 3 octobre<br \/>\n<\/span><\/h2>\n<p><a href=\"http:\/\/www.amaplaneteblanquefort.fr\/wordpress\/wp-content\/uploads\/2012\/12\/tomme-de-fromage-de-brebis1.jpg\"><img loading=\"lazy\" decoding=\"async\" class=\"aligncenter size-full wp-image-1084\" title=\"tomme de fromage de brebis\" alt=\"\" src=\"http:\/\/www.amaplaneteblanquefort.fr\/wordpress\/wp-content\/uploads\/2012\/12\/tomme-de-fromage-de-brebis1.jpg\" width=\"183\" height=\"275\" \/><\/a><\/p>\n<h2><\/h2>\n<h3><\/h3>\n<h3>\u00a0 T\u00e9l\u00e9chargez et imprimez en cliquant :<a href=\"http:\/\/www.amaplaneteblanquefort.fr\/wordpress\/wp-content\/uploads\/2012\/12\/contrat-brebisoctobre-\u00e0-d\u00e9cembre2013.pdf\">contrat-brebisoctobre \u00e0 d\u00e9cembre2013<\/a><\/h3>\n<p><span style=\"color: #ff6600;\">\u00a0<\/span><\/p>\n<p>&nbsp;<\/p>\n<p><span style=\"font-family: Arial; font-size: small;\">.<\/span><\/p>\n","protected":false},"excerpt":{"rendered":"<p>Vous pouvez souscrire le contrat pour la p\u00e9riode d&rsquo;octobre \u00e0 d\u00e9cembre 2013 &nbsp; les jeudi 19 septembre et jeudi 26 septembre, pour une premi\u00e8re livraison le jeudi 3 octobre \u00a0 T\u00e9l\u00e9chargez et imprimez en cliquant :contrat-brebisoctobre \u00e0 d\u00e9cembre2013 \u00a0 &nbsp; .<\/p>\n","protected":false},"author":29,"featured_media":0,"comment_status":"open","ping_status":"open","sticky":false,"template":"","format":"standard","meta":{"footnotes":""},"categories":[21],"tags":[],"class_list":["post-1075","post","type-post","status-publish","format-standard","hentry","category-09-fromage-brebis"],"_links":{"self":[{"href":"http:\/\/www.amaplaneteblanquefort.fr\/wordpress\/wp-json\/wp\/v2\/posts\/1075","targetHints":{"allow":["GET"]}}],"collection":[{"href":"http:\/\/www.amaplaneteblanquefort.fr\/wordpress\/wp-json\/wp\/v2\/posts"}],"about":[{"href":"http:\/\/www.amaplaneteblanquefort.fr\/wordpress\/wp-json\/wp\/v2\/types\/post"}],"author":[{"embeddable":true,"href":"http:\/\/www.amaplaneteblanquefort.fr\/wordpress\/wp-json\/wp\/v2\/users\/29"}],"replies":[{"embeddable":true,"href":"http:\/\/www.amaplaneteblanquefort.fr\/wordpress\/wp-json\/wp\/v2\/comments?post=1075"}],"version-history":[{"count":9,"href":"http:\/\/www.amaplaneteblanquefort.fr\/wordpress\/wp-json\/wp\/v2\/posts\/1075\/revisions"}],"predecessor-version":[{"id":2356,"href":"http:\/\/www.amaplaneteblanquefort.fr\/wordpress\/wp-json\/wp\/v2\/posts\/1075\/revisions\/2356"}],"wp:attachment":[{"href":"http:\/\/www.amaplaneteblanquefort.fr\/wordpress\/wp-json\/wp\/v2\/media?parent=1075"}],"wp:term":[{"taxonomy":"category","embeddable":true,"href":"http:\/\/www.amaplaneteblanquefort.fr\/wordpress\/wp-json\/wp\/v2\/categories?post=1075"},{"taxonomy":"post_tag","embeddable":true,"href":"http:\/\/www.amaplaneteblanquefort.fr\/wordpress\/wp-json\/wp\/v2\/tags?post=1075"}],"curies":[{"name":"wp","href":"https:\/\/api.w.org\/{rel}","templated":true}]}}